{"id":85072,"date":"2016-04-26T10:23:00","date_gmt":"2016-04-26T13:23:00","guid":{"rendered":"http:\/\/www.redenoticia.com.br\/noticia\/?p=85072"},"modified":"2016-04-25T20:24:36","modified_gmt":"2016-04-25T23:24:36","slug":"atividade-e-emprego-na-construcao-mantem-registro-de-queda-em-marco-diz-cni","status":"publish","type":"post","link":"https:\/\/www.redenoticia.com.br\/noticia\/2016\/atividade-e-emprego-na-construcao-mantem-registro-de-queda-em-marco-diz-cni\/85072","title":{"rendered":"Atividade e emprego na constru\u00e7\u00e3o mant\u00eam registro de queda em mar\u00e7o, diz CNI"},"content":{"rendered":"<p> A <strong><em>atividade e o emprego na constru\u00e7\u00e3o<\/em><\/strong> continuaram em queda em mar\u00e7o, informou a Confedera\u00e7\u00e3o Nacional da Ind\u00fastria (CNI). Segundo pesquisa divulgada pela entidade, os juros, a baixa demanda e a inadimpl\u00eancia s\u00e3o os principais respons\u00e1veis pelo fraco desempenho do setor.<\/p>\n<p>O indicador de atividade da constru\u00e7\u00e3o atingiu 37,5 pontos. O \u00edndice de emprego somou 36,6 pontos. De acordo com a CNI, valores abaixo de 50 pontos indicam queda.<\/p>\n<p>A \u00faltima vez em que o \u00edndice de atividade superou 50 pontos foi em outubro de 2012 (50,1 pontos). Em rela\u00e7\u00e3o ao n\u00edvel de emprego, o indicador atingiu 50,9 pontos em junho de 2011 e s\u00f3 voltou a atingir 50 pontos uma vez, em janeiro de 2012.<\/p>\n<p>No m\u00eas passado, a ind\u00fastria da constru\u00e7\u00e3o operou com 57% da capacidade. Apesar da alta em rela\u00e7\u00e3o ao registrado em fevereiro (56%), a CNI ressaltou que o \u00edndice continua dez pontos percentuais abaixo do habitual para o m\u00eas.<\/p>\n<p>Conforme a Sondagem da Ind\u00fastria da Constru\u00e7\u00e3o, os juros altos passaram a ser a principal preocupa\u00e7\u00e3o do setor. O problema foi mencionado por 39,4% dos empres\u00e1rios. A fraca demanda interna foi o segundo maior problema, citada por 35,7% dos pesquisados. A inadimpl\u00eancia vem em terceiro lugar, com 31,1% das respostas.<\/p>\n<p>Apontada como a maior preocupa\u00e7\u00e3o da ind\u00fastria da constru\u00e7\u00e3o em dezembro de 2015, a carga tribut\u00e1ria caiu para a quarta coloca\u00e7\u00e3o. O volume de cita\u00e7\u00f5es em rela\u00e7\u00e3o ao tema caiu de 39% para 31%.<\/p>\n<p>O levantamento foi feito entre 1\u00ba e 13 de abril com 547 empresas da ind\u00fastria da constru\u00e7\u00e3o. Desse total, 174 s\u00e3o pequenas, 248 s\u00e3o m\u00e9dias e 125 s\u00e3o de grande porte.<\/p>\n<p>Da Ag\u00eancia Brasil<br \/>\nEdi\u00e7\u00e3o: Armando Cardoso<br \/>\n26\/04\/2016<\/p>\n","protected":false},"excerpt":{"rendered":"<p>A atividade e o emprego na constru\u00e7\u00e3o continuaram em queda em mar\u00e7o, informou a Confedera\u00e7\u00e3o Nacional da Ind\u00fastria (CNI). Segundo pesquisa divulgada pela entidade, os juros, a baixa demanda e a inadimpl\u00eancia s\u00e3o os principais respons\u00e1veis pelo fraco desempenho do setor. O indicador de atividade da constru\u00e7\u00e3o atingiu 37,5 pontos. O \u00edndice de emprego somou [&hellip;]<\/p>\n","protected":false},"author":2,"featured_media":57583,"comment_status":"open","ping_status":"closed","sticky":false,"template":"","format":"standard","meta":{"_genesis_hide_title":false,"_genesis_hide_breadcrumbs":false,"_genesis_hide_singular_image":false,"_genesis_hide_footer_widgets":false,"_genesis_custom_body_class":"","_genesis_custom_post_class":"","_genesis_layout":"","_jetpack_memberships_contains_paid_content":false,"footnotes":""},"categories":[22,7],"tags":[],"class_list":{"0":"post-85072","1":"post","2":"type-post","3":"status-publish","4":"format-standard","5":"has-post-thumbnail","7":"category-brasil","8":"category-economia","9":"entry","10":"gs-1","11":"gs-odd","12":"gs-even","13":"gs-featured-content-entry"},"jetpack_featured_media_url":"https:\/\/www.redenoticia.com.br\/noticia\/imagens\/economia-grafico.jpg","jetpack_sharing_enabled":true,"jetpack_likes_enabled":true,"_links":{"self":[{"href":"https:\/\/www.redenoticia.com.br\/noticia\/wp-json\/wp\/v2\/posts\/85072","targetHints":{"allow":["GET"]}}],"collection":[{"href":"https:\/\/www.redenoticia.com.br\/noticia\/wp-json\/wp\/v2\/posts"}],"about":[{"href":"https:\/\/www.redenoticia.com.br\/noticia\/wp-json\/wp\/v2\/types\/post"}],"author":[{"embeddable":true,"href":"https:\/\/www.redenoticia.com.br\/noticia\/wp-json\/wp\/v2\/users\/2"}],"replies":[{"embeddable":true,"href":"https:\/\/www.redenoticia.com.br\/noticia\/wp-json\/wp\/v2\/comments?post=85072"}],"version-history":[{"count":0,"href":"https:\/\/www.redenoticia.com.br\/noticia\/wp-json\/wp\/v2\/posts\/85072\/revisions"}],"wp:featuredmedia":[{"embeddable":true,"href":"https:\/\/www.redenoticia.com.br\/noticia\/wp-json\/wp\/v2\/media\/57583"}],"wp:attachment":[{"href":"https:\/\/www.redenoticia.com.br\/noticia\/wp-json\/wp\/v2\/media?parent=85072"}],"wp:term":[{"taxonomy":"category","embeddable":true,"href":"https:\/\/www.redenoticia.com.br\/noticia\/wp-json\/wp\/v2\/categories?post=85072"},{"taxonomy":"post_tag","embeddable":true,"href":"https:\/\/www.redenoticia.com.br\/noticia\/wp-json\/wp\/v2\/tags?post=85072"}],"curies":[{"name":"wp","href":"https:\/\/api.w.org\/{rel}","templated":true}]}}