{"id":85068,"date":"2016-04-26T10:19:21","date_gmt":"2016-04-26T13:19:21","guid":{"rendered":"http:\/\/www.redenoticia.com.br\/noticia\/?p=85068"},"modified":"2016-04-25T20:20:22","modified_gmt":"2016-04-25T23:20:22","slug":"divida-publica-federal-cresce-238-diz-tesouro-nacional","status":"publish","type":"post","link":"https:\/\/www.redenoticia.com.br\/noticia\/2016\/divida-publica-federal-cresce-238-diz-tesouro-nacional\/85068","title":{"rendered":"D\u00edvida P\u00fablica Federal cresce 2,38%, diz Tesouro Nacional"},"content":{"rendered":"<p> A <strong><em>D\u00edvida P\u00fablica Federal<\/em><\/strong> (DPF) apresentou aumento de 2,38% em mar\u00e7o na compara\u00e7\u00e3o com fevereiro. De um m\u00eas para o outro, subiu de R$ 2,819 trilh\u00f5es para R$ 2,886 trilh\u00f5es. Os dados foram divulgados em Bras\u00edlia, pelo Tesouro Nacional.<\/p>\n<p>O endividamento do Tesouro pode ocorrer por meio da oferta de t\u00edtulos p\u00fablicos em leil\u00f5es, pela internet (Tesouro Direto) ou pela emiss\u00e3o direta. Outro fator de eleva\u00e7\u00e3o pode se dar pela assinatura de contratos de empr\u00e9stimo.<\/p>\n<p> As emiss\u00f5es da DPF corresponderam a R$ 52,22 bilh\u00f5es, enquanto os resgates alcan\u00e7aram R$ 2,61 bilh\u00f5es, resultando em emiss\u00e3o l\u00edquida de R$ 49,61 bilh\u00f5es.<\/p>\n<p>A D\u00edvida P\u00fablica Mobili\u00e1ria Federal interna (DPMFi) teve o estoque elevado em 2,81% ao passar de R$ 2,678 trilh\u00f5es para R$ 2,753. A DPMFi \u00e9 a d\u00edvida p\u00fablica federal interna em circula\u00e7\u00e3o no mercado nacional.<\/p>\n<p>O motivo da eleva\u00e7\u00e3o no m\u00eas passado foi a emiss\u00e3o l\u00edquida de t\u00edtulos, no valor de R$ 45,03 bilh\u00f5es, realizada pelo governo, al\u00e9m da apropria\u00e7\u00e3o de juros, no valor de R$ 30,25 bilh\u00f5es.<\/p>\n<p>Com rela\u00e7\u00e3o ao estoque da D\u00edvida P\u00fablica Federal Externa (DPFe), houve redu\u00e7\u00e3o de 5,70% em compara\u00e7\u00e3o ao resultado do m\u00eas anterior, chegando a R$ 133,19 bilh\u00f5es, equivalentes a US$ 37,43 bilh\u00f5es, dos quais R$ 121,01 bilh\u00f5es (US$ 34 bilh\u00f5es) referem-se \u00e0 d\u00edvida mobili\u00e1ria (t\u00edtulos) e R$ 12,18 bilh\u00f5es (US$ 3,42 bilh\u00f5es) \u00e0 d\u00edvida contratual.<\/p>\n<p>A DPFe \u00e9 a d\u00edvida p\u00fablica federal existente no mercado internacional paga em outras moedas. De acordo com o Tesouro Nacional, \u201ca varia\u00e7\u00e3o [da DPFe] deveu-se principalmente \u00e0 valoriza\u00e7\u00e3o do real frente a moedas que comp\u00f5em o estoque da d\u00edvida externa\u201d.<\/p>\n<p>De acordo com o Plano Anual de Financiamento (PAF), o governo estima a D\u00edvida P\u00fablica Federal, em 2016, entre R$ 3,1 trilh\u00f5es e R$ 3,3 trilh\u00f5es.<\/p>\n<p>Daniel Lima &#8211; Rep\u00f3rter da Ag\u00eancia Brasil<br \/>\nEdi\u00e7\u00e3o: Kleber Sampaio<br \/>\n26\/04\/2016<\/p>\n","protected":false},"excerpt":{"rendered":"<p>A D\u00edvida P\u00fablica Federal (DPF) apresentou aumento de 2,38% em mar\u00e7o na compara\u00e7\u00e3o com fevereiro. De um m\u00eas para o outro, subiu de R$ 2,819 trilh\u00f5es para R$ 2,886 trilh\u00f5es. Os dados foram divulgados em Bras\u00edlia, pelo Tesouro Nacional. O endividamento do Tesouro pode ocorrer por meio da oferta de t\u00edtulos p\u00fablicos em leil\u00f5es, pela [&hellip;]<\/p>\n","protected":false},"author":2,"featured_media":38940,"comment_status":"open","ping_status":"closed","sticky":false,"template":"","format":"standard","meta":{"_genesis_hide_title":false,"_genesis_hide_breadcrumbs":false,"_genesis_hide_singular_image":false,"_genesis_hide_footer_widgets":false,"_genesis_custom_body_class":"","_genesis_custom_post_class":"","_genesis_layout":"","_jetpack_memberships_contains_paid_content":false,"footnotes":""},"categories":[22,7],"tags":[],"class_list":{"0":"post-85068","1":"post","2":"type-post","3":"status-publish","4":"format-standard","5":"has-post-thumbnail","7":"category-brasil","8":"category-economia","9":"entry","10":"gs-1","11":"gs-odd","12":"gs-even","13":"gs-featured-content-entry"},"jetpack_featured_media_url":"https:\/\/www.redenoticia.com.br\/noticia\/imagens\/grafico.jpg","jetpack_sharing_enabled":true,"jetpack_likes_enabled":true,"_links":{"self":[{"href":"https:\/\/www.redenoticia.com.br\/noticia\/wp-json\/wp\/v2\/posts\/85068","targetHints":{"allow":["GET"]}}],"collection":[{"href":"https:\/\/www.redenoticia.com.br\/noticia\/wp-json\/wp\/v2\/posts"}],"about":[{"href":"https:\/\/www.redenoticia.com.br\/noticia\/wp-json\/wp\/v2\/types\/post"}],"author":[{"embeddable":true,"href":"https:\/\/www.redenoticia.com.br\/noticia\/wp-json\/wp\/v2\/users\/2"}],"replies":[{"embeddable":true,"href":"https:\/\/www.redenoticia.com.br\/noticia\/wp-json\/wp\/v2\/comments?post=85068"}],"version-history":[{"count":0,"href":"https:\/\/www.redenoticia.com.br\/noticia\/wp-json\/wp\/v2\/posts\/85068\/revisions"}],"wp:featuredmedia":[{"embeddable":true,"href":"https:\/\/www.redenoticia.com.br\/noticia\/wp-json\/wp\/v2\/media\/38940"}],"wp:attachment":[{"href":"https:\/\/www.redenoticia.com.br\/noticia\/wp-json\/wp\/v2\/media?parent=85068"}],"wp:term":[{"taxonomy":"category","embeddable":true,"href":"https:\/\/www.redenoticia.com.br\/noticia\/wp-json\/wp\/v2\/categories?post=85068"},{"taxonomy":"post_tag","embeddable":true,"href":"https:\/\/www.redenoticia.com.br\/noticia\/wp-json\/wp\/v2\/tags?post=85068"}],"curies":[{"name":"wp","href":"https:\/\/api.w.org\/{rel}","templated":true}]}}