{"id":85066,"date":"2016-04-26T10:16:44","date_gmt":"2016-04-26T13:16:44","guid":{"rendered":"http:\/\/www.redenoticia.com.br\/noticia\/?p=85066"},"modified":"2016-04-25T20:19:13","modified_gmt":"2016-04-25T23:19:13","slug":"mercado-financeiro-espera-que-copom-mantenha-selic-em-1425","status":"publish","type":"post","link":"https:\/\/www.redenoticia.com.br\/noticia\/2016\/mercado-financeiro-espera-que-copom-mantenha-selic-em-1425\/85066","title":{"rendered":"Mercado financeiro espera que Copom mantenha Selic em 14,25%"},"content":{"rendered":"<p> Institui\u00e7\u00f5es financeiras esperam que a taxa b\u00e1sica de juros, a <strong><em>Selic<\/em><\/strong>, seja mantida em 14,25% ao ano, na reuni\u00e3o do Comit\u00ea de Pol\u00edtica Monet\u00e1ria (Copom) do Banco Central (BC), marcada para ter\u00e7a (26) e quarta-feira (27). A previs\u00e3o faz parte do boletim Focus, publica\u00e7\u00e3o divulgada pelo Banco Central (BC), com base em proje\u00e7\u00f5es de institui\u00e7\u00f5es financeiras para os principais indicadores econ\u00f4micos.<\/p>\n<p>Mas para o final de 2016, a mediana das expectativas (desconsiderando os extremos das proje\u00e7\u00f5es) para a Selic passou de 13,38% para 13,25% ao ano. No fim de 2017, a expectativa para a taxa caiu de 12,25% para 12% ao ano.<\/p>\n<p>A taxa b\u00e1sica \u00e9 usada nas negocia\u00e7\u00f5es de t\u00edtulos p\u00fablicos no Sistema Especial de Liquida\u00e7\u00e3o e Cust\u00f3dia (Selic) e serve como refer\u00eancia para as demais taxas de juros da economia. Ao reajust\u00e1-la para cima, o BC cont\u00e9m o excesso de demanda que pressiona os pre\u00e7os, porque os juros mais altos encarecem o cr\u00e9dito e estimulam a poupan\u00e7a. Quando reduz os juros b\u00e1sicos, o BC barateia o cr\u00e9dito e incentiva a produ\u00e7\u00e3o e o consumo, mas alivia o controle sobre a infla\u00e7\u00e3o.<\/p>\n<p>A estimativa das institui\u00e7\u00f5es financeiras para a infla\u00e7\u00e3o, medida pelo \u00cdndice Nacional de Pre\u00e7os ao Consumidor Amplo (IPCA), passou de 7,08% para 6,98%, no s\u00e9timo ajuste seguido. Para 2017, estimativa caiu de 5,93% para 5,80%, na terceira queda consecutiva.<\/p>\n<p>As proje\u00e7\u00f5es est\u00e3o acima do centro da meta de 4,5%. A estimativa para 2016 ultrapassa tamb\u00e9m o teto da meta de infla\u00e7\u00e3o, que \u00e9 6,5%. O limite superior da meta em 2017 \u00e9 6%.<\/p>\n<p>A estimativa do mercado financeiro para a queda da economia este ano foi alterada pela 14\u00aa vez consecutiva, ao passar de 3,80% para 3,88%. Para 2017, a expectativa de crescimento da economia (Produto Interno Bruto &#8211; PIB &#8211; a soma de todas as riquezas produzidas pelo pa\u00eds) foi alterada de 0,20% para 0,30%.<\/p>\n<p>A estimativa para a cota\u00e7\u00e3o do d\u00f3lar foi mantida em R$ 3,80 no fim de 2016, e em R$ 4, ao final do pr\u00f3ximo ano.<\/p>\n<p>Kelly Oliveira &#8211; Rep\u00f3rter da Ag\u00eancia Brasil<br \/>\nEdi\u00e7\u00e3o: Kleber Sampaio<br \/>\n26\/04\/2016<\/p>\n","protected":false},"excerpt":{"rendered":"<p>Institui\u00e7\u00f5es financeiras esperam que a taxa b\u00e1sica de juros, a Selic, seja mantida em 14,25% ao ano, na reuni\u00e3o do Comit\u00ea de Pol\u00edtica Monet\u00e1ria (Copom) do Banco Central (BC), marcada para ter\u00e7a (26) e quarta-feira (27). A previs\u00e3o faz parte do boletim Focus, publica\u00e7\u00e3o divulgada pelo Banco Central (BC), com base em proje\u00e7\u00f5es de institui\u00e7\u00f5es [&hellip;]<\/p>\n","protected":false},"author":2,"featured_media":38938,"comment_status":"open","ping_status":"closed","sticky":false,"template":"","format":"standard","meta":{"_genesis_hide_title":false,"_genesis_hide_breadcrumbs":false,"_genesis_hide_singular_image":false,"_genesis_hide_footer_widgets":false,"_genesis_custom_body_class":"","_genesis_custom_post_class":"","_genesis_layout":"","_jetpack_memberships_contains_paid_content":false,"footnotes":""},"categories":[22,7],"tags":[],"class_list":{"0":"post-85066","1":"post","2":"type-post","3":"status-publish","4":"format-standard","5":"has-post-thumbnail","7":"category-brasil","8":"category-economia","9":"entry","10":"gs-1","11":"gs-odd","12":"gs-even","13":"gs-featured-content-entry"},"jetpack_featured_media_url":"https:\/\/www.redenoticia.com.br\/noticia\/imagens\/economia1.jpg","jetpack_sharing_enabled":true,"jetpack_likes_enabled":true,"_links":{"self":[{"href":"https:\/\/www.redenoticia.com.br\/noticia\/wp-json\/wp\/v2\/posts\/85066","targetHints":{"allow":["GET"]}}],"collection":[{"href":"https:\/\/www.redenoticia.com.br\/noticia\/wp-json\/wp\/v2\/posts"}],"about":[{"href":"https:\/\/www.redenoticia.com.br\/noticia\/wp-json\/wp\/v2\/types\/post"}],"author":[{"embeddable":true,"href":"https:\/\/www.redenoticia.com.br\/noticia\/wp-json\/wp\/v2\/users\/2"}],"replies":[{"embeddable":true,"href":"https:\/\/www.redenoticia.com.br\/noticia\/wp-json\/wp\/v2\/comments?post=85066"}],"version-history":[{"count":0,"href":"https:\/\/www.redenoticia.com.br\/noticia\/wp-json\/wp\/v2\/posts\/85066\/revisions"}],"wp:featuredmedia":[{"embeddable":true,"href":"https:\/\/www.redenoticia.com.br\/noticia\/wp-json\/wp\/v2\/media\/38938"}],"wp:attachment":[{"href":"https:\/\/www.redenoticia.com.br\/noticia\/wp-json\/wp\/v2\/media?parent=85066"}],"wp:term":[{"taxonomy":"category","embeddable":true,"href":"https:\/\/www.redenoticia.com.br\/noticia\/wp-json\/wp\/v2\/categories?post=85066"},{"taxonomy":"post_tag","embeddable":true,"href":"https:\/\/www.redenoticia.com.br\/noticia\/wp-json\/wp\/v2\/tags?post=85066"}],"curies":[{"name":"wp","href":"https:\/\/api.w.org\/{rel}","templated":true}]}}