{"id":85064,"date":"2016-04-26T10:15:31","date_gmt":"2016-04-26T13:15:31","guid":{"rendered":"http:\/\/www.redenoticia.com.br\/noticia\/?p=85064"},"modified":"2016-04-25T20:16:40","modified_gmt":"2016-04-25T23:16:40","slug":"indice-de-confianca-da-industria-tem-alta-de-27-pontos","status":"publish","type":"post","link":"https:\/\/www.redenoticia.com.br\/noticia\/2016\/indice-de-confianca-da-industria-tem-alta-de-27-pontos\/85064","title":{"rendered":"\u00cdndice de Confian\u00e7a da Ind\u00fastria tem alta de 2,7 pontos"},"content":{"rendered":"<p> O <strong><em>\u00cdndice de Confian\u00e7a da Ind\u00fastria<\/em><\/strong> (ICI) teve uma alta de 2,7 pontos na pr\u00e9via de abril, em rela\u00e7\u00e3o ao resultado consolidado de mar\u00e7o. O indicador passou de 75,1 para 77,8 pontos, o maior patamar desde mar\u00e7o de 2015. O ICI \u00e9 medido em uma escala de zero a 200 pontos.<\/p>\n<p>A alta do \u00edndice na pr\u00e9via de abril foi provocada principalmente pelo otimismo dos empres\u00e1rios da ind\u00fastria em rela\u00e7\u00e3o aos meses seguintes. O \u00cdndice de Expectativas avan\u00e7ou 3,5 pontos, chegando a 75,5 pontos.<\/p>\n<p>A confian\u00e7a dos empres\u00e1rios em rela\u00e7\u00e3o ao momento presente tamb\u00e9m aumentou, embora em ritmo menor do que o \u00cdndice de Expectativas. O \u00cdndice da Situa\u00e7\u00e3o Atual avan\u00e7ou 1,9 ponto e chegou a 80,5 pontos.<\/p>\n<p>O N\u00edvel de Utiliza\u00e7\u00e3o da Capacidade Instalada atingiu 74,3% na pr\u00e9via de abril, 0,6 ponto percentual acima do resultado de mar\u00e7o.<\/p>\n<p>Vitor Abdala \u2013 Rep\u00f3rter da Ag\u00eancia Brasil<br \/>\nEdi\u00e7\u00e3o: Kleber Sampaio<br \/>\n26\/04\/2016<br \/>\n&#8212;<\/p>\n<p>A Empresa Brasil de Comunica\u00e7\u00e3o \u00e9 uma institui\u00e7\u00e3o da democracia brasileira: p\u00fablica, inclusiva e cidad\u00e3.  Criada em 2007 para fortalecer o sistema p\u00fablico de comunica\u00e7\u00e3o, \u00e9 gestora dos canais TV Brasil, TV Brasil Internacional, Ag\u00eancia Brasil, Radioag\u00eancia Nacional e do sistema p\u00fablico de R\u00e1dio \u2013 composto por oito emissoras. Estes, por sua independ\u00eancia editorial, distinguem-se dos canais estatais ou governamentais, com conte\u00fados diferenciados e complementares aos canais privados. Os ve\u00edculos da EBC t\u00eam autonomia para definir produ\u00e7\u00e3o, programa\u00e7\u00e3o e distribui\u00e7\u00e3o de conte\u00fados.<\/p>\n","protected":false},"excerpt":{"rendered":"<p>O \u00cdndice de Confian\u00e7a da Ind\u00fastria (ICI) teve uma alta de 2,7 pontos na pr\u00e9via de abril, em rela\u00e7\u00e3o ao resultado consolidado de mar\u00e7o. O indicador passou de 75,1 para 77,8 pontos, o maior patamar desde mar\u00e7o de 2015. O ICI \u00e9 medido em uma escala de zero a 200 pontos. A alta do \u00edndice [&hellip;]<\/p>\n","protected":false},"author":2,"featured_media":57585,"comment_status":"open","ping_status":"closed","sticky":false,"template":"","format":"standard","meta":{"_genesis_hide_title":false,"_genesis_hide_breadcrumbs":false,"_genesis_hide_singular_image":false,"_genesis_hide_footer_widgets":false,"_genesis_custom_body_class":"","_genesis_custom_post_class":"","_genesis_layout":"","_jetpack_memberships_contains_paid_content":false,"footnotes":""},"categories":[22,7],"tags":[],"class_list":{"0":"post-85064","1":"post","2":"type-post","3":"status-publish","4":"format-standard","5":"has-post-thumbnail","7":"category-brasil","8":"category-economia","9":"entry","10":"gs-1","11":"gs-odd","12":"gs-even","13":"gs-featured-content-entry"},"jetpack_featured_media_url":"https:\/\/www.redenoticia.com.br\/noticia\/imagens\/analise-economia.jpg","jetpack_sharing_enabled":true,"jetpack_likes_enabled":true,"_links":{"self":[{"href":"https:\/\/www.redenoticia.com.br\/noticia\/wp-json\/wp\/v2\/posts\/85064","targetHints":{"allow":["GET"]}}],"collection":[{"href":"https:\/\/www.redenoticia.com.br\/noticia\/wp-json\/wp\/v2\/posts"}],"about":[{"href":"https:\/\/www.redenoticia.com.br\/noticia\/wp-json\/wp\/v2\/types\/post"}],"author":[{"embeddable":true,"href":"https:\/\/www.redenoticia.com.br\/noticia\/wp-json\/wp\/v2\/users\/2"}],"replies":[{"embeddable":true,"href":"https:\/\/www.redenoticia.com.br\/noticia\/wp-json\/wp\/v2\/comments?post=85064"}],"version-history":[{"count":0,"href":"https:\/\/www.redenoticia.com.br\/noticia\/wp-json\/wp\/v2\/posts\/85064\/revisions"}],"wp:featuredmedia":[{"embeddable":true,"href":"https:\/\/www.redenoticia.com.br\/noticia\/wp-json\/wp\/v2\/media\/57585"}],"wp:attachment":[{"href":"https:\/\/www.redenoticia.com.br\/noticia\/wp-json\/wp\/v2\/media?parent=85064"}],"wp:term":[{"taxonomy":"category","embeddable":true,"href":"https:\/\/www.redenoticia.com.br\/noticia\/wp-json\/wp\/v2\/categories?post=85064"},{"taxonomy":"post_tag","embeddable":true,"href":"https:\/\/www.redenoticia.com.br\/noticia\/wp-json\/wp\/v2\/tags?post=85064"}],"curies":[{"name":"wp","href":"https:\/\/api.w.org\/{rel}","templated":true}]}}