{"id":84864,"date":"2016-04-25T10:58:50","date_gmt":"2016-04-25T13:58:50","guid":{"rendered":"http:\/\/www.redenoticia.com.br\/noticia\/?p=84864"},"modified":"2016-04-21T22:04:01","modified_gmt":"2016-04-22T01:04:01","slug":"intencao-de-consumo-das-familias-e-a-menor-desde-2010-diz-cnc","status":"publish","type":"post","link":"https:\/\/www.redenoticia.com.br\/noticia\/2016\/intencao-de-consumo-das-familias-e-a-menor-desde-2010-diz-cnc\/84864","title":{"rendered":"Inten\u00e7\u00e3o de consumo das fam\u00edlias \u00e9 a menor desde 2010, diz CNC"},"content":{"rendered":"<p> A <strong><em>Inten\u00e7\u00e3o de Consumo das Fam\u00edlias<\/em><\/strong> (ICF), divulgada pela Confedera\u00e7\u00e3o Nacional do Com\u00e9rcio de Bens, Servi\u00e7os e Turismo (CNC), caiu 5,5% em abril em compara\u00e7\u00e3o ao m\u00eas anterior. Em uma escala de zero a 200, o \u00edndice em abril ficou em 73,2 pontos, o menor desde o in\u00edcio da s\u00e9rie hist\u00f3rica, em 2010. Em rela\u00e7\u00e3o a abril de 2015, a queda foi de 28,8%.<\/p>\n<p>A assessora econ\u00f4mica da CNC, Juliana Serapio, disse que os dados refletem o momento de incerteza econ\u00f4mica e pol\u00edtica do pa\u00eds e a instabilidade do mercado de trabalho. O emprego atual, um dos sete indicadores avaliados pela entidade, caiu 2,7% em abril, acumulando queda de 15,7% em 2016. \u201cNa verdade, do final do ano passado para c\u00e1, a taxa de desemprego aumentou muito\u201d, disse Juliana. A perspectiva no curto prazo, segundo ela, \u00e9 que o indicador continue caindo. \u201cEsse \u00e9 o fator que mais est\u00e1 pesando para a inten\u00e7\u00e3o de compras ficar menor\u201d, acrescentou.<\/p>\n<p>A parcela da popula\u00e7\u00e3o mais afetada pela retra\u00e7\u00e3o dos indicadores \u00e9 a composta por fam\u00edlias que ganham menos de dez sal\u00e1rios-m\u00ednimos. \u201cAs mais atingidas s\u00e3o as fam\u00edlias com menor renda\u201d, disse a economista.<\/p>\n<p>A maior queda no IFC foi registrada nas compras de produtos dur\u00e1veis (-10,1% em abril em rela\u00e7\u00e3o a mar\u00e7o e &#8211; 43,6% na compara\u00e7\u00e3o com abril de 2015). Segundo Juliana, o indicador est\u00e1 relacionado \u00e0 taxa de juros e ao emprego, \u201cporque s\u00e3o compras de bens que necessitam um comprometimento maior da renda\u201d das fam\u00edlias. \u201cComo a taxa de juros est\u00e1 muito alta e as pessoas est\u00e3o inseguras quanto ao emprego, esses bens s\u00e3o muito afetados.\u201d<\/p>\n<p>No ranking regional, o Norte do pa\u00eds apresentou a maior retra\u00e7\u00e3o na Inten\u00e7\u00e3o de Consumo das Fam\u00edlias em abril (-11,2%). Em contrapartida, a Regi\u00e3o Sul teve a menor queda no m\u00eas (-3,3%).<\/p>\n<p>A pesquisa da CNC revela que a confian\u00e7a do consumidor aumentou em janeiro e fevereiro, embora em ritmo moderado. A primeira queda do ano ocorreu em mar\u00e7o. Na sondagem da inten\u00e7\u00e3o de consumo em abril, as perspectivas profissional e de consumo para os pr\u00f3ximos seis meses foram negativas em 6% e 7,1%, respectivamente. Dos 18 mil entrevistados, 47,1% consideraram negativo o cen\u00e1rio para os pr\u00f3ximos seis meses em termos profissionais.<\/p>\n<p>Segundo Juliana Serapio, mesmo que ocorra uma mudan\u00e7a econ\u00f4mica ou pol\u00edtica no atual cen\u00e1rio brasileiro, sinalizando estabilidade, os efeitos sobre os indicadores que comp\u00f5em a pesquisa n\u00e3o ser\u00e3o imediatos. \u201cN\u00e3o vai ser de um m\u00eas para outro. Vai demorar bastante a refletir no consumidor, porque a confian\u00e7a est\u00e1 muito baixa e a instabilidade est\u00e1 muito alta\u201d, analisou.<\/p>\n<p>Com um total de 49 pontos, o n\u00edvel de consumo atual mostrou queda de 8% em rela\u00e7\u00e3o a mar\u00e7o e de 38,3% na compara\u00e7\u00e3o com abril de 2015. De acordo com a CNC, a maior parte das fam\u00edlias (62,6%) indicou que o n\u00edvel de consumo est\u00e1 menor do que no ano passado.<\/p>\n<p>A divis\u00e3o econ\u00f4mica da CNC estima que, em 2016, o volume de vendas do varejo dever\u00e1 apresentar retra\u00e7\u00e3o de 4,5% no conceito restrito e de 8,8% no varejo ampliado, que inclui os setores de autom\u00f3veis e materiais de constru\u00e7\u00e3o.<\/p>\n<p>Alana Gandra &#8211; Rep\u00f3rter da Ag\u00eancia Brasil<br \/>\nEdi\u00e7\u00e3o: Luana Louren\u00e7o<br \/>\n25\/04\/2016<\/p>\n","protected":false},"excerpt":{"rendered":"<p>A Inten\u00e7\u00e3o de Consumo das Fam\u00edlias (ICF), divulgada pela Confedera\u00e7\u00e3o Nacional do Com\u00e9rcio de Bens, Servi\u00e7os e Turismo (CNC), caiu 5,5% em abril em compara\u00e7\u00e3o ao m\u00eas anterior. Em uma escala de zero a 200, o \u00edndice em abril ficou em 73,2 pontos, o menor desde o in\u00edcio da s\u00e9rie hist\u00f3rica, em 2010. Em rela\u00e7\u00e3o [&hellip;]<\/p>\n","protected":false},"author":2,"featured_media":57585,"comment_status":"open","ping_status":"closed","sticky":false,"template":"","format":"standard","meta":{"_genesis_hide_title":false,"_genesis_hide_breadcrumbs":false,"_genesis_hide_singular_image":false,"_genesis_hide_footer_widgets":false,"_genesis_custom_body_class":"","_genesis_custom_post_class":"","_genesis_layout":"","_jetpack_memberships_contains_paid_content":false,"footnotes":""},"categories":[22,7],"tags":[],"class_list":{"0":"post-84864","1":"post","2":"type-post","3":"status-publish","4":"format-standard","5":"has-post-thumbnail","7":"category-brasil","8":"category-economia","9":"entry","10":"gs-1","11":"gs-odd","12":"gs-even","13":"gs-featured-content-entry"},"jetpack_featured_media_url":"https:\/\/www.redenoticia.com.br\/noticia\/imagens\/analise-economia.jpg","jetpack_sharing_enabled":true,"jetpack_likes_enabled":true,"_links":{"self":[{"href":"https:\/\/www.redenoticia.com.br\/noticia\/wp-json\/wp\/v2\/posts\/84864","targetHints":{"allow":["GET"]}}],"collection":[{"href":"https:\/\/www.redenoticia.com.br\/noticia\/wp-json\/wp\/v2\/posts"}],"about":[{"href":"https:\/\/www.redenoticia.com.br\/noticia\/wp-json\/wp\/v2\/types\/post"}],"author":[{"embeddable":true,"href":"https:\/\/www.redenoticia.com.br\/noticia\/wp-json\/wp\/v2\/users\/2"}],"replies":[{"embeddable":true,"href":"https:\/\/www.redenoticia.com.br\/noticia\/wp-json\/wp\/v2\/comments?post=84864"}],"version-history":[{"count":0,"href":"https:\/\/www.redenoticia.com.br\/noticia\/wp-json\/wp\/v2\/posts\/84864\/revisions"}],"wp:featuredmedia":[{"embeddable":true,"href":"https:\/\/www.redenoticia.com.br\/noticia\/wp-json\/wp\/v2\/media\/57585"}],"wp:attachment":[{"href":"https:\/\/www.redenoticia.com.br\/noticia\/wp-json\/wp\/v2\/media?parent=84864"}],"wp:term":[{"taxonomy":"category","embeddable":true,"href":"https:\/\/www.redenoticia.com.br\/noticia\/wp-json\/wp\/v2\/categories?post=84864"},{"taxonomy":"post_tag","embeddable":true,"href":"https:\/\/www.redenoticia.com.br\/noticia\/wp-json\/wp\/v2\/tags?post=84864"}],"curies":[{"name":"wp","href":"https:\/\/api.w.org\/{rel}","templated":true}]}}