{"id":84862,"date":"2016-04-25T10:54:51","date_gmt":"2016-04-25T13:54:51","guid":{"rendered":"http:\/\/www.redenoticia.com.br\/noticia\/?p=84862"},"modified":"2016-04-21T22:01:47","modified_gmt":"2016-04-22T01:01:47","slug":"planos-de-internet-limitados-e-ilimitados","status":"publish","type":"post","link":"https:\/\/www.redenoticia.com.br\/noticia\/2016\/planos-de-internet-limitados-e-ilimitados\/84862","title":{"rendered":"Planos de internet limitados e ilimitados"},"content":{"rendered":"<p> No momento em que se discute a <strong><em>limita\u00e7\u00e3o do uso da banda larga fixa<\/em><\/strong>, o ministro das Comunica\u00e7\u00f5es, Andr\u00e9 Figueiredo, disse que o governo vai propor \u00e0s operadoras de internet um termo de compromisso que preserve os direitos dos usu\u00e1rios. Ele defendeu a coexist\u00eancia de planos de franquia limitada e ilimitada e tamb\u00e9m o respeito aos contratos vigentes.<\/p>\n<p>Segundo Figueiredo, a proposta deve ser feita nesta semana. \u201cS\u00e3o termos que ser\u00e3o utilizados, que ser\u00e3o adotados pelas empresas para que elas possam se manifestar publicamente no sentido de preservar os direitos dos usu\u00e1rios de internet banda larga fixa que v\u00e3o desde o respeito aos contratos vigentes, desde voc\u00ea possibilitar a coexist\u00eancia de franquia ilimitada e limitada\u201d, disse, em entrevista, ap\u00f3s cerim\u00f4nia de assinatura de planos de outorgas para radiodifus\u00e3o. Para o ministro, no caso dos planos ilimitados, n\u00e3o deve haver cobran\u00e7a abusiva.<\/p>\n<p>E completou \u201cO que n\u00e3o aceitamos, de forma alguma, isso a\u00ed deixaremos muito claro, \u00e9 que o usu\u00e1rio seja prejudicado.\u201d<\/p>\n<p>Questionado se teme uma judicializa\u00e7\u00e3o da quest\u00e3o da limita\u00e7\u00e3o do uso de banda larga fixa, o ministro respondeu que conversa com o setor e n\u00e3o cr\u00ea nessa possibilidade. \u201cEstaremos trabalhando para que na semana que vem possamos trazer as operadoras e elas se manifestarem formalmente em rela\u00e7\u00e3o \u00e0 continuidade da exist\u00eancia de planos com franquia ilimitada\u201d, disse.<\/p>\n<p>Cr\u00edticas<\/p>\n<p>A Ordem dos Advogados do Brasil (OAB) e a Proteste Associa\u00e7\u00e3o de Consumidores criticaram o posicionamento da Ag\u00eancia Nacional de Telecomunica\u00e7\u00f5es (Anatel) em rela\u00e7\u00e3o \u00e0 possibilidade de as operadoras de banda larga fixa estabele\u00e7am limites de navega\u00e7\u00e3o para os consumidores.<\/p>\n<p>O presidente Anatel, Jo\u00e3o Rezende, disse que a regulamenta\u00e7\u00e3o da ag\u00eancia permite que as operadoras de internet fixa adotem um limite para o consumo. A Anatel publicou uma resolu\u00e7\u00e3o no Di\u00e1rio Oficial da Uni\u00e3o proibindo, por 90 dias, as empresas de restringirem a velocidade, suspender servi\u00e7os ou cobrar excedente caso seja ultrapassado o limite da franquia dos clientes. Nesse prazo, as operadoras t\u00eam que comprovar que tem ferramentas que permitam ao consumidor acompanhar o seu consumo e ser alertado sobre o fim da franquia de dados. S\u00f3 depois de ter o plano aprovado pela Anatel, a empresa poder\u00e1 praticar os limites de consumo.<\/p>\n<p>Yara Aquino &#8211; Rep\u00f3rter da Ag\u00eancia Brasil<br \/>\nEdi\u00e7\u00e3o: Kleber Sampaio<br \/>\n25\/04\/2016<\/p>\n","protected":false},"excerpt":{"rendered":"<p>No momento em que se discute a limita\u00e7\u00e3o do uso da banda larga fixa, o ministro das Comunica\u00e7\u00f5es, Andr\u00e9 Figueiredo, disse que o governo vai propor \u00e0s operadoras de internet um termo de compromisso que preserve os direitos dos usu\u00e1rios. Ele defendeu a coexist\u00eancia de planos de franquia limitada e ilimitada e tamb\u00e9m o respeito [&hellip;]<\/p>\n","protected":false},"author":2,"featured_media":57583,"comment_status":"open","ping_status":"closed","sticky":false,"template":"","format":"standard","meta":{"_genesis_hide_title":false,"_genesis_hide_breadcrumbs":false,"_genesis_hide_singular_image":false,"_genesis_hide_footer_widgets":false,"_genesis_custom_body_class":"","_genesis_custom_post_class":"","_genesis_layout":"","_jetpack_memberships_contains_paid_content":false,"footnotes":""},"categories":[22,7],"tags":[],"class_list":{"0":"post-84862","1":"post","2":"type-post","3":"status-publish","4":"format-standard","5":"has-post-thumbnail","7":"category-brasil","8":"category-economia","9":"entry","10":"gs-1","11":"gs-odd","12":"gs-even","13":"gs-featured-content-entry"},"jetpack_featured_media_url":"https:\/\/www.redenoticia.com.br\/noticia\/imagens\/economia-grafico.jpg","jetpack_sharing_enabled":true,"jetpack_likes_enabled":true,"_links":{"self":[{"href":"https:\/\/www.redenoticia.com.br\/noticia\/wp-json\/wp\/v2\/posts\/84862","targetHints":{"allow":["GET"]}}],"collection":[{"href":"https:\/\/www.redenoticia.com.br\/noticia\/wp-json\/wp\/v2\/posts"}],"about":[{"href":"https:\/\/www.redenoticia.com.br\/noticia\/wp-json\/wp\/v2\/types\/post"}],"author":[{"embeddable":true,"href":"https:\/\/www.redenoticia.com.br\/noticia\/wp-json\/wp\/v2\/users\/2"}],"replies":[{"embeddable":true,"href":"https:\/\/www.redenoticia.com.br\/noticia\/wp-json\/wp\/v2\/comments?post=84862"}],"version-history":[{"count":0,"href":"https:\/\/www.redenoticia.com.br\/noticia\/wp-json\/wp\/v2\/posts\/84862\/revisions"}],"wp:featuredmedia":[{"embeddable":true,"href":"https:\/\/www.redenoticia.com.br\/noticia\/wp-json\/wp\/v2\/media\/57583"}],"wp:attachment":[{"href":"https:\/\/www.redenoticia.com.br\/noticia\/wp-json\/wp\/v2\/media?parent=84862"}],"wp:term":[{"taxonomy":"category","embeddable":true,"href":"https:\/\/www.redenoticia.com.br\/noticia\/wp-json\/wp\/v2\/categories?post=84862"},{"taxonomy":"post_tag","embeddable":true,"href":"https:\/\/www.redenoticia.com.br\/noticia\/wp-json\/wp\/v2\/tags?post=84862"}],"curies":[{"name":"wp","href":"https:\/\/api.w.org\/{rel}","templated":true}]}}