{"id":84860,"date":"2016-04-25T10:52:51","date_gmt":"2016-04-25T13:52:51","guid":{"rendered":"http:\/\/www.redenoticia.com.br\/noticia\/?p=84860"},"modified":"2016-04-21T21:58:48","modified_gmt":"2016-04-22T00:58:48","slug":"procon-questiona-reajuste-na-tarifa-de-energia-no-ceara","status":"publish","type":"post","link":"https:\/\/www.redenoticia.com.br\/noticia\/2016\/procon-questiona-reajuste-na-tarifa-de-energia-no-ceara\/84860","title":{"rendered":"Procon questiona reajuste na tarifa de energia no Cear\u00e1"},"content":{"rendered":"<p> O reajuste de 13,64% na tarifa residencial de <strong><em>energia el\u00e9trica no Cear\u00e1<\/em><\/strong> \u00e9 questionado pelo Procon Fortaleza. O \u00f3rg\u00e3o, vinculado \u00e0 prefeitura de Fortaleza, notificou a Companhia Energ\u00e9tica do Cear\u00e1 (Coelce) a justificar o aumento na conta de energia, que est\u00e1 acima da infla\u00e7\u00e3o dos \u00faltimos 12 meses.<\/p>\n<p>O \u00edndice foi autorizado pela Ag\u00eancia Nacional de Energia El\u00e9trica (Aneel) e passou a valer a partir de sexta-feira (22). O Procon pede que a Coelce explique quais foram os par\u00e2metros utilizados para calcular o reajuste. O C\u00f3digo de Defesa do Consumidor considera pr\u00e1tica abusiva a eleva\u00e7\u00e3o de pre\u00e7os sem justa causa.<\/p>\n<p>Em nota, a Coelce informou que recebeu a notifica\u00e7\u00e3o e que vai responder no prazo determinado pelo Procon, que \u00e9 de dez dias \u00fateis. Segundo a companhia, o reajuste de 13,64% \u201cevoluiu nos \u00faltimos dez anos abaixo da varia\u00e7\u00e3o do IGP-M e do IPCA do mesmo per\u00edodo\u201d. A empresa tamb\u00e9m explica que 5,73% dos 12,97% de reajuste m\u00e9dio (envolvendo consumidores residenciais e industriais) se refere a custos pr\u00f3prios e 7,24%, \u00e0 compra de energia el\u00e9trica e a encargos.<\/p>\n<p>De acordo com o Procon Fortaleza, a Coelce \u00e9 a terceira empresa mais reclamada no \u00f3rg\u00e3o. Em 2015, o n\u00famero de atendimentos relacionados \u00e0 companhia cresceu 107% em rela\u00e7\u00e3o a 2014. Entre os quatro estados que tiveram reajuste autorizado pela Aneel, o Cear\u00e1 teve o maior \u00edndice.<\/p>\n<p>Edwirges Nogueira &#8211; Correspondente da Ag\u00eancia Brasil\/EBC<br \/>\nEdi\u00e7\u00e3o: F\u00e1bio Massalli<br \/>\n25\/04\/2016<\/p>\n","protected":false},"excerpt":{"rendered":"<p>O reajuste de 13,64% na tarifa residencial de energia el\u00e9trica no Cear\u00e1 \u00e9 questionado pelo Procon Fortaleza. O \u00f3rg\u00e3o, vinculado \u00e0 prefeitura de Fortaleza, notificou a Companhia Energ\u00e9tica do Cear\u00e1 (Coelce) a justificar o aumento na conta de energia, que est\u00e1 acima da infla\u00e7\u00e3o dos \u00faltimos 12 meses. O \u00edndice foi autorizado pela Ag\u00eancia Nacional [&hellip;]<\/p>\n","protected":false},"author":2,"featured_media":40734,"comment_status":"open","ping_status":"closed","sticky":false,"template":"","format":"standard","meta":{"_genesis_hide_title":false,"_genesis_hide_breadcrumbs":false,"_genesis_hide_singular_image":false,"_genesis_hide_footer_widgets":false,"_genesis_custom_body_class":"","_genesis_custom_post_class":"","_genesis_layout":"","_jetpack_memberships_contains_paid_content":false,"footnotes":""},"categories":[22,7],"tags":[],"class_list":{"0":"post-84860","1":"post","2":"type-post","3":"status-publish","4":"format-standard","5":"has-post-thumbnail","7":"category-brasil","8":"category-economia","9":"entry","10":"gs-1","11":"gs-odd","12":"gs-even","13":"gs-featured-content-entry"},"jetpack_featured_media_url":"https:\/\/www.redenoticia.com.br\/noticia\/imagens\/economia-resultados.jpg","jetpack_sharing_enabled":true,"jetpack_likes_enabled":true,"_links":{"self":[{"href":"https:\/\/www.redenoticia.com.br\/noticia\/wp-json\/wp\/v2\/posts\/84860","targetHints":{"allow":["GET"]}}],"collection":[{"href":"https:\/\/www.redenoticia.com.br\/noticia\/wp-json\/wp\/v2\/posts"}],"about":[{"href":"https:\/\/www.redenoticia.com.br\/noticia\/wp-json\/wp\/v2\/types\/post"}],"author":[{"embeddable":true,"href":"https:\/\/www.redenoticia.com.br\/noticia\/wp-json\/wp\/v2\/users\/2"}],"replies":[{"embeddable":true,"href":"https:\/\/www.redenoticia.com.br\/noticia\/wp-json\/wp\/v2\/comments?post=84860"}],"version-history":[{"count":0,"href":"https:\/\/www.redenoticia.com.br\/noticia\/wp-json\/wp\/v2\/posts\/84860\/revisions"}],"wp:featuredmedia":[{"embeddable":true,"href":"https:\/\/www.redenoticia.com.br\/noticia\/wp-json\/wp\/v2\/media\/40734"}],"wp:attachment":[{"href":"https:\/\/www.redenoticia.com.br\/noticia\/wp-json\/wp\/v2\/media?parent=84860"}],"wp:term":[{"taxonomy":"category","embeddable":true,"href":"https:\/\/www.redenoticia.com.br\/noticia\/wp-json\/wp\/v2\/categories?post=84860"},{"taxonomy":"post_tag","embeddable":true,"href":"https:\/\/www.redenoticia.com.br\/noticia\/wp-json\/wp\/v2\/tags?post=84860"}],"curies":[{"name":"wp","href":"https:\/\/api.w.org\/{rel}","templated":true}]}}