{"id":84851,"date":"2016-04-22T10:43:58","date_gmt":"2016-04-22T13:43:58","guid":{"rendered":"http:\/\/www.redenoticia.com.br\/noticia\/?p=84851"},"modified":"2016-04-21T21:45:15","modified_gmt":"2016-04-22T00:45:15","slug":"insatisfacao-da-industria-com-situacao-financeira-e-recorde-diz-cni","status":"publish","type":"post","link":"https:\/\/www.redenoticia.com.br\/noticia\/2016\/insatisfacao-da-industria-com-situacao-financeira-e-recorde-diz-cni\/84851","title":{"rendered":"Insatisfa\u00e7\u00e3o da ind\u00fastria com situa\u00e7\u00e3o financeira \u00e9 recorde, diz CNI"},"content":{"rendered":"<p> A <strong><em>insatisfa\u00e7\u00e3o dos empres\u00e1rios<\/em><\/strong> brasileiros com a situa\u00e7\u00e3o financeira e com as margens de lucro \u00e9 recorde, de acordo com a Sondagem Industrial, divulgada pela Confedera\u00e7\u00e3o Nacional da Ind\u00fastria (CNI).<\/p>\n<p>Enquanto o \u00edndice de satisfa\u00e7\u00e3o financeira ficou em 37,9 pontos, o de satisfa\u00e7\u00e3o com a margem de lucro acusou 32,7 pontos nos primeiros tr\u00eas meses de 2016. Os indicadores variam de zero a 100. Valores abaixo de 50 pontos sinalizam insatisfa\u00e7\u00e3o com a situa\u00e7\u00e3o financeira e com a margem de lucro.<\/p>\n<p>O acesso ao cr\u00e9dito tamb\u00e9m est\u00e1 mais dif\u00edcil. O indicador assinalou 29,1 pontos no primeiro trimestre, o menor desde o in\u00edcio da s\u00e9rie hist\u00f3rica, iniciada em 2007. Quanto mais abaixo de 50 pontos, maior \u00e9 a dificuldade de as empresas acessarem o cr\u00e9dito.<\/p>\n<p>Embora a elevada carga tribut\u00e1ria, com 45,1% das manifesta\u00e7\u00f5es, e a demanda interna insuficiente, assinalada por 42,4% dos empres\u00e1rios, continuem no topo da lista, as taxas de juros elevadas e a inadimpl\u00eancia dos clientes cresceram de import\u00e2ncia entre os obst\u00e1culos encarados pelas ind\u00fastrias.<\/p>\n<p>Juros em alta<\/p>\n<p>As taxas de juros, que subiram da terceira para a quarta coloca\u00e7\u00e3o entre os principais problemas, cresceram de 23,5% no \u00faltimo trimestre de 2015 para 26,9% das manifesta\u00e7\u00f5es no primeiro trimestre. J\u00e1 a inadimpl\u00eancia dos clientes passou de 21,2% para 24,9% das respostas no per\u00edodo.<\/p>\n<p>Na quinta posi\u00e7\u00e3o entre os obst\u00e1culos, est\u00e1 a falta ou alto custo da mat\u00e9ria-prima, indicada por 23,6% dos industriais. A falta de capital de giro, que estava na oitava coloca\u00e7\u00e3o no \u00faltimo trimestre de 2015, subiu para a sexta nos primeiros tr\u00eas meses de 2016, com 21% das indica\u00e7\u00f5es.<\/p>\n<p>Atividade industrial<\/p>\n<p>Segundo a CNI, embora seja comum o aumento da atividade industrial em mar\u00e7o na compara\u00e7\u00e3o com fevereiro, neste ano a produ\u00e7\u00e3o caiu no per\u00edodo. O indicador de evolu\u00e7\u00e3o da produ\u00e7\u00e3o ficou em 47,2 pontos em mar\u00e7o. Valores abaixo dos 50 pontos sinalizam queda na atividade.<\/p>\n<p>A utiliza\u00e7\u00e3o da capacidade instalada (UCI) voltou a crescer ap\u00f3s tr\u00eas meses no piso da s\u00e9rie hist\u00f3rica. O aumento em mar\u00e7o foi de 2 pontos percentuais e alcan\u00e7ou 64%. No entanto, o \u00edndice de UCI usual para o m\u00eas, que aumentou 1,4 ponto frente a fevereiro e registrou 35,1 pontos em mar\u00e7o, continua abaixo dos 50 pontos, indicando UCI abaixo do usual.<\/p>\n<p>A redu\u00e7\u00e3o dos estoques continua pelo quinto m\u00eas consecutivo e, com isso, a ind\u00fastria permaneceu com estoques baixos, dentro do planejado pelas empresas. O \u00edndice de evolu\u00e7\u00e3o dos estoques foi de 48,9 pontos em mar\u00e7o e o indicador de estoque efetivo em rela\u00e7\u00e3o ao planejado registrou 49,3 pontos, pr\u00f3ximos da linha dos 50 pontos.<\/p>\n<p>Da Ag\u00eancia Brasil<br \/>\nEdi\u00e7\u00e3o: Kleber Sampaio<br \/>\n22\/04\/2016 <\/p>\n","protected":false},"excerpt":{"rendered":"<p>A insatisfa\u00e7\u00e3o dos empres\u00e1rios brasileiros com a situa\u00e7\u00e3o financeira e com as margens de lucro \u00e9 recorde, de acordo com a Sondagem Industrial, divulgada pela Confedera\u00e7\u00e3o Nacional da Ind\u00fastria (CNI). Enquanto o \u00edndice de satisfa\u00e7\u00e3o financeira ficou em 37,9 pontos, o de satisfa\u00e7\u00e3o com a margem de lucro acusou 32,7 pontos nos primeiros tr\u00eas meses [&hellip;]<\/p>\n","protected":false},"author":2,"featured_media":38938,"comment_status":"open","ping_status":"closed","sticky":false,"template":"","format":"standard","meta":{"_genesis_hide_title":false,"_genesis_hide_breadcrumbs":false,"_genesis_hide_singular_image":false,"_genesis_hide_footer_widgets":false,"_genesis_custom_body_class":"","_genesis_custom_post_class":"","_genesis_layout":"","_jetpack_memberships_contains_paid_content":false,"footnotes":""},"categories":[22,7],"tags":[],"class_list":{"0":"post-84851","1":"post","2":"type-post","3":"status-publish","4":"format-standard","5":"has-post-thumbnail","7":"category-brasil","8":"category-economia","9":"entry","10":"gs-1","11":"gs-odd","12":"gs-even","13":"gs-featured-content-entry"},"jetpack_featured_media_url":"https:\/\/www.redenoticia.com.br\/noticia\/imagens\/economia1.jpg","jetpack_sharing_enabled":true,"jetpack_likes_enabled":true,"_links":{"self":[{"href":"https:\/\/www.redenoticia.com.br\/noticia\/wp-json\/wp\/v2\/posts\/84851","targetHints":{"allow":["GET"]}}],"collection":[{"href":"https:\/\/www.redenoticia.com.br\/noticia\/wp-json\/wp\/v2\/posts"}],"about":[{"href":"https:\/\/www.redenoticia.com.br\/noticia\/wp-json\/wp\/v2\/types\/post"}],"author":[{"embeddable":true,"href":"https:\/\/www.redenoticia.com.br\/noticia\/wp-json\/wp\/v2\/users\/2"}],"replies":[{"embeddable":true,"href":"https:\/\/www.redenoticia.com.br\/noticia\/wp-json\/wp\/v2\/comments?post=84851"}],"version-history":[{"count":0,"href":"https:\/\/www.redenoticia.com.br\/noticia\/wp-json\/wp\/v2\/posts\/84851\/revisions"}],"wp:featuredmedia":[{"embeddable":true,"href":"https:\/\/www.redenoticia.com.br\/noticia\/wp-json\/wp\/v2\/media\/38938"}],"wp:attachment":[{"href":"https:\/\/www.redenoticia.com.br\/noticia\/wp-json\/wp\/v2\/media?parent=84851"}],"wp:term":[{"taxonomy":"category","embeddable":true,"href":"https:\/\/www.redenoticia.com.br\/noticia\/wp-json\/wp\/v2\/categories?post=84851"},{"taxonomy":"post_tag","embeddable":true,"href":"https:\/\/www.redenoticia.com.br\/noticia\/wp-json\/wp\/v2\/tags?post=84851"}],"curies":[{"name":"wp","href":"https:\/\/api.w.org\/{rel}","templated":true}]}}