{"id":84849,"date":"2016-04-22T10:42:30","date_gmt":"2016-04-22T13:42:30","guid":{"rendered":"http:\/\/www.redenoticia.com.br\/noticia\/?p=84849"},"modified":"2016-04-21T21:43:46","modified_gmt":"2016-04-22T00:43:46","slug":"gastos-de-brasileiros-no-exterior-sao-os-menores-para-marco-desde-2010","status":"publish","type":"post","link":"https:\/\/www.redenoticia.com.br\/noticia\/2016\/gastos-de-brasileiros-no-exterior-sao-os-menores-para-marco-desde-2010\/84849","title":{"rendered":"Gastos de brasileiros no exterior s\u00e3o os menores para mar\u00e7o desde 2010"},"content":{"rendered":"<p> Com o d\u00f3lar mais caro e a renda menor, os <strong><em>gastos de brasileiros no exterior<\/em><\/strong> ficaram em US$ 1,291 bilh\u00e3o em mar\u00e7o, informou o Banco Central (BC). Esse \u00e9 o menor valor para o per\u00edodo desde mar\u00e7o de 2010, quanto totalizou US$ 1,083 bilh\u00e3o. No mesmo m\u00eas de 2015, os gastos ficaram em US$ 1,504 bilh\u00e3o.<\/p>\n<p>No primeiro trimestre desde ano, os gastos dos brasileiros somaram US$ 2,972 bilh\u00f5es, contra US$ 5,232 bilh\u00f5es em igual per\u00edodo de 2015.<\/p>\n<p>As receitas de estrangeiros em viagem no Brasil somaram US$ 597 milh\u00f5es no m\u00eas passado contra US$ 548 milh\u00f5es de mar\u00e7o de 2015. No primeiro trimestre, as receitas ficaram em US$ 1,846 bilh\u00e3o, ante US$ 1,637 bilh\u00e3o em igual per\u00edodo de 2015.<\/p>\n<p>Com esses resultados das despesas de brasileiros no exterior e as receitas de estrangeiros no Brasil, a conta de viagens internacionais ficou negativa em US$ 694 milh\u00f5es em mar\u00e7o, e em US$ 1,126 bilh\u00e3o no primeiro trimestre deste ano.<\/p>\n<p>Kelly Oliveira \u2013 Rep\u00f3rter da Ag\u00eancia Brasil<br \/>\nEdi\u00e7\u00e3o: Kleber Sampaio<br \/>\n22\/04\/2016<\/p>\n","protected":false},"excerpt":{"rendered":"<p>Com o d\u00f3lar mais caro e a renda menor, os gastos de brasileiros no exterior ficaram em US$ 1,291 bilh\u00e3o em mar\u00e7o, informou o Banco Central (BC). Esse \u00e9 o menor valor para o per\u00edodo desde mar\u00e7o de 2010, quanto totalizou US$ 1,083 bilh\u00e3o. No mesmo m\u00eas de 2015, os gastos ficaram em US$ 1,504 [&hellip;]<\/p>\n","protected":false},"author":2,"featured_media":57584,"comment_status":"open","ping_status":"closed","sticky":false,"template":"","format":"standard","meta":{"_genesis_hide_title":false,"_genesis_hide_breadcrumbs":false,"_genesis_hide_singular_image":false,"_genesis_hide_footer_widgets":false,"_genesis_custom_body_class":"","_genesis_custom_post_class":"","_genesis_layout":"","_jetpack_memberships_contains_paid_content":false,"footnotes":""},"categories":[22,7],"tags":[],"class_list":{"0":"post-84849","1":"post","2":"type-post","3":"status-publish","4":"format-standard","5":"has-post-thumbnail","7":"category-brasil","8":"category-economia","9":"entry","10":"gs-1","11":"gs-odd","12":"gs-even","13":"gs-featured-content-entry"},"jetpack_featured_media_url":"https:\/\/www.redenoticia.com.br\/noticia\/imagens\/economia-grafica-analise-inflacao.jpg","jetpack_sharing_enabled":true,"jetpack_likes_enabled":true,"_links":{"self":[{"href":"https:\/\/www.redenoticia.com.br\/noticia\/wp-json\/wp\/v2\/posts\/84849","targetHints":{"allow":["GET"]}}],"collection":[{"href":"https:\/\/www.redenoticia.com.br\/noticia\/wp-json\/wp\/v2\/posts"}],"about":[{"href":"https:\/\/www.redenoticia.com.br\/noticia\/wp-json\/wp\/v2\/types\/post"}],"author":[{"embeddable":true,"href":"https:\/\/www.redenoticia.com.br\/noticia\/wp-json\/wp\/v2\/users\/2"}],"replies":[{"embeddable":true,"href":"https:\/\/www.redenoticia.com.br\/noticia\/wp-json\/wp\/v2\/comments?post=84849"}],"version-history":[{"count":0,"href":"https:\/\/www.redenoticia.com.br\/noticia\/wp-json\/wp\/v2\/posts\/84849\/revisions"}],"wp:featuredmedia":[{"embeddable":true,"href":"https:\/\/www.redenoticia.com.br\/noticia\/wp-json\/wp\/v2\/media\/57584"}],"wp:attachment":[{"href":"https:\/\/www.redenoticia.com.br\/noticia\/wp-json\/wp\/v2\/media?parent=84849"}],"wp:term":[{"taxonomy":"category","embeddable":true,"href":"https:\/\/www.redenoticia.com.br\/noticia\/wp-json\/wp\/v2\/categories?post=84849"},{"taxonomy":"post_tag","embeddable":true,"href":"https:\/\/www.redenoticia.com.br\/noticia\/wp-json\/wp\/v2\/tags?post=84849"}],"curies":[{"name":"wp","href":"https:\/\/api.w.org\/{rel}","templated":true}]}}