{"id":84847,"date":"2016-04-22T10:40:55","date_gmt":"2016-04-22T13:40:55","guid":{"rendered":"http:\/\/www.redenoticia.com.br\/noticia\/?p=84847"},"modified":"2016-04-21T21:42:27","modified_gmt":"2016-04-22T00:42:27","slug":"contas-externas-tem-deficit-de-us-855-milhoes-o-menor-desde-agosto-de-2009","status":"publish","type":"post","link":"https:\/\/www.redenoticia.com.br\/noticia\/2016\/contas-externas-tem-deficit-de-us-855-milhoes-o-menor-desde-agosto-de-2009\/84847","title":{"rendered":"Contas externas t\u00eam d\u00e9ficit de US$ 855 milh\u00f5es, o menor desde agosto de 2009"},"content":{"rendered":"<p> As <strong><em>contas externas<\/em><\/strong> fecharam o m\u00eas de mar\u00e7o com d\u00e9ficit de US$ 855 milh\u00f5es, de acordo com dados do Banco Central (BC). \u00c9 o menor saldo negativo das transa\u00e7\u00f5es correntes &#8211; as compras e vendas de mercadorias e servi\u00e7os e transfer\u00eancias de renda do pa\u00eds com o mundo &#8211; desde agosto de 2009, quando ficou em US$ 828 milh\u00f5es. No mesmo m\u00eas do ano passado, o d\u00e9ficit foi bem maior: US$ 5,759 bilh\u00f5es.<\/p>\n<p>No primeiro trimestre deste ano, o d\u00e9ficit ficou em US$ 7,591 bilh\u00f5es, contra US$ 25,099 bilh\u00f5es no mesmo per\u00edodo de 2015.<\/p>\n<p>No balan\u00e7o das transa\u00e7\u00f5es correntes, a conta de renda prim\u00e1ria (lucros e dividendos, pagamentos de juros e sal\u00e1rios) apresentou saldo negativo de US$ 2,449 bilh\u00f5es.<\/p>\n<p>A conta de servi\u00e7os (viagens internacionais, transportes, aluguel de equipamentos, seguros, entre outros) contribuiu para o resultado negativo com US$ 2,904 bilh\u00f5es.<\/p>\n<p>A conta de renda secund\u00e1ria (gerada em uma economia e distribu\u00edda para outra, como doa\u00e7\u00f5es e remessas de d\u00f3lares, sem contrapartida de servi\u00e7os ou bens) apresentou resultado positivo de US$ 240 milh\u00f5es.<\/p>\n<p>A balan\u00e7a comercial contribuiu para reduzir o d\u00e9ficit das contas externas, ao apresentar super\u00e1vit de US$ 4,258 bilh\u00f5es.<\/p>\n<p>O chefe do Departamento Econ\u00f4mico do BC, Tulio Maciel destaca que o resultado positivo da balan\u00e7a comercial foi o principal fator que contribuiu para reduzir o d\u00e9ficit das transa\u00e7\u00f5es correntes. \u201cIsso ajuda a mitigar o processo de retra\u00e7\u00e3o da atividade econ\u00f4mica do pa\u00eds\u201d, disse.<\/p>\n<p>Mesmo assim, o pa\u00eds gastou al\u00e9m de sua renda. Quando isso ocorre, \u00e9 preciso financiar esse resultado negativo com investimentos estrangeiros ou tomar dinheiro emprestado no exterior. O investimento direto no pa\u00eds (IDP), recursos que entram no Brasil e v\u00e3o para o setor produtivo da economia, \u00e9 considerado a melhor forma de financiar por ser de longo prazo.<\/p>\n<p>No m\u00eas passado, o IDP chegou a US$ 5,557 bilh\u00f5es e foi mais do que suficiente para cobrir todo o d\u00e9ficit em transa\u00e7\u00f5es correntes. No primeiro trimestre, esses investimentos somaram US$ 16,933 bilh\u00f5es.<\/p>\n<p>Para Maciel, o fluxo de investimento direto tem se mostrado \u201cmuito resiliente a qualquer per\u00edodo de incerteza\u201d. \u201cOs n\u00edveis se mantiveram elevados\u201d, acrescentou. Maciel destacou que o pa\u00eds continua sendo um grande mercado consumidor, com 200 milh\u00f5es de habitantes. \u201cIsso, sem d\u00favida, \u00e9 um ponto relevante nessa an\u00e1lise de investimento direto. E a oscila\u00e7\u00e3o do c\u00e2mbio e situa\u00e7\u00e3o da atividade econ\u00f4mica t\u00eam tornado os ativos mais atraentes para o investidor estrangeiro\u201d, acrescentou.<\/p>\n<p>O pa\u00eds tamb\u00e9m registrou entrada de investimento em a\u00e7\u00f5es negociadas em bolsas de valores no Brasil e no exterior e em fundos de investimento, no total de US$ 2,027 bilh\u00f5es em mar\u00e7o, e de US$ 2,901 bilh\u00f5es no primeiro trimestre de 2016. Houve sa\u00edda l\u00edquida de investimento em t\u00edtulos negociados no pa\u00eds de US$ 1,965 bilh\u00e3o, no m\u00eas passado, e de US$ 7,070 bilh\u00f5es, de janeiro a mar\u00e7o deste ano.<\/p>\n<p>Kelly Oliveira \u2013 Rep\u00f3rter da Ag\u00eancia Brasil<br \/>\nEdi\u00e7\u00e3o: Gra\u00e7a Adjuto<br \/>\n22\/04\/2016<\/p>\n","protected":false},"excerpt":{"rendered":"<p>As contas externas fecharam o m\u00eas de mar\u00e7o com d\u00e9ficit de US$ 855 milh\u00f5es, de acordo com dados do Banco Central (BC). \u00c9 o menor saldo negativo das transa\u00e7\u00f5es correntes &#8211; as compras e vendas de mercadorias e servi\u00e7os e transfer\u00eancias de renda do pa\u00eds com o mundo &#8211; desde agosto de 2009, quando ficou [&hellip;]<\/p>\n","protected":false},"author":2,"featured_media":57583,"comment_status":"open","ping_status":"closed","sticky":false,"template":"","format":"standard","meta":{"_genesis_hide_title":false,"_genesis_hide_breadcrumbs":false,"_genesis_hide_singular_image":false,"_genesis_hide_footer_widgets":false,"_genesis_custom_body_class":"","_genesis_custom_post_class":"","_genesis_layout":"","_jetpack_memberships_contains_paid_content":false,"footnotes":""},"categories":[22,7],"tags":[],"class_list":{"0":"post-84847","1":"post","2":"type-post","3":"status-publish","4":"format-standard","5":"has-post-thumbnail","7":"category-brasil","8":"category-economia","9":"entry","10":"gs-1","11":"gs-odd","12":"gs-even","13":"gs-featured-content-entry"},"jetpack_featured_media_url":"https:\/\/www.redenoticia.com.br\/noticia\/imagens\/economia-grafico.jpg","jetpack_sharing_enabled":true,"jetpack_likes_enabled":true,"_links":{"self":[{"href":"https:\/\/www.redenoticia.com.br\/noticia\/wp-json\/wp\/v2\/posts\/84847","targetHints":{"allow":["GET"]}}],"collection":[{"href":"https:\/\/www.redenoticia.com.br\/noticia\/wp-json\/wp\/v2\/posts"}],"about":[{"href":"https:\/\/www.redenoticia.com.br\/noticia\/wp-json\/wp\/v2\/types\/post"}],"author":[{"embeddable":true,"href":"https:\/\/www.redenoticia.com.br\/noticia\/wp-json\/wp\/v2\/users\/2"}],"replies":[{"embeddable":true,"href":"https:\/\/www.redenoticia.com.br\/noticia\/wp-json\/wp\/v2\/comments?post=84847"}],"version-history":[{"count":0,"href":"https:\/\/www.redenoticia.com.br\/noticia\/wp-json\/wp\/v2\/posts\/84847\/revisions"}],"wp:featuredmedia":[{"embeddable":true,"href":"https:\/\/www.redenoticia.com.br\/noticia\/wp-json\/wp\/v2\/media\/57583"}],"wp:attachment":[{"href":"https:\/\/www.redenoticia.com.br\/noticia\/wp-json\/wp\/v2\/media?parent=84847"}],"wp:term":[{"taxonomy":"category","embeddable":true,"href":"https:\/\/www.redenoticia.com.br\/noticia\/wp-json\/wp\/v2\/categories?post=84847"},{"taxonomy":"post_tag","embeddable":true,"href":"https:\/\/www.redenoticia.com.br\/noticia\/wp-json\/wp\/v2\/tags?post=84847"}],"curies":[{"name":"wp","href":"https:\/\/api.w.org\/{rel}","templated":true}]}}