{"id":84843,"date":"2016-04-22T10:36:42","date_gmt":"2016-04-22T13:36:42","guid":{"rendered":"http:\/\/www.redenoticia.com.br\/noticia\/?p=84843"},"modified":"2016-04-21T21:38:27","modified_gmt":"2016-04-22T00:38:27","slug":"previa-da-inflacao-oficial-ipca-15-sobe-051-em-abril","status":"publish","type":"post","link":"https:\/\/www.redenoticia.com.br\/noticia\/2016\/previa-da-inflacao-oficial-ipca-15-sobe-051-em-abril\/84843","title":{"rendered":"Pr\u00e9via da infla\u00e7\u00e3o oficial, IPCA-15 sobe 0,51% em abril"},"content":{"rendered":"<p> Depois de sinais de desacelera\u00e7\u00e3o, a <strong><em>infla\u00e7\u00e3o<\/em><\/strong> &#8211; medida pelo \u00cdndice Nacional de Pre\u00e7os ao Consumidor Amplo 15 (IPCA-15) &#8211; voltou a acelerar ao fechar abril com alta de 0,51%, resultado 0,08 ponto percentual acima dos 0,43% de mar\u00e7o. Apesar da alta de mar\u00e7o para abril, o resultado acumulado nos quatros primeiros do ano ficou em 3,32%, abaixo de 1,29 ponto percentual dos 4,61% registrados em igual per\u00edodo do ano anterior.<\/p>\n<p>Os dados relativos ao IPCA-15, previa da infla\u00e7\u00e3o oficial do pais medida pelo \u00cdndice Nacional de Pre\u00e7os ao Consumidor Amplo (IPCA), foram divulgados pelo Instituto Brasileiro de Geografia e Estat\u00edstica (IBGE).<\/p>\n<p>O IPCA-15 tem a mesma metodologia do IPCA e se refere a fam\u00edlias com rendimento de 1 a 40 sal\u00e1rios m\u00ednimos. Abrange as regi\u00f5es metropolitanas do Rio de Janeiro, Porto Alegre, Belo Horizonte, Recife, S\u00e3o Paulo, Bel\u00e9m, Fortaleza, Salvador, Curitiba, Bras\u00edlia e Goi\u00e2nia. A metodologia utilizada \u00e9 a mesma do IPCA, a diferen\u00e7a est\u00e1 no per\u00edodo de coleta dos pre\u00e7os e na abrang\u00eancia geogr\u00e1fica.<\/p>\n<p>Infla\u00e7\u00e3o acumulada<\/p>\n<p>A pesquisa indica que a infla\u00e7\u00e3o acumulada nos \u00faltimos 12 meses (9,34%) ficou tamb\u00e9m abaixo dos 9,95% registrados nos 12 meses imediatamente anteriores. Em abril de 2015, a taxa havia sido de1,07%. Segundo o levantamento do IBGE, alimenta\u00e7\u00e3o e bebidas, com alta de 1,35%, e sa\u00fade e cuidados pessoais, com 1,32%, foram os grupos que apresentaram os maiores resultados em abril relativos ao IPCA-15.<\/p>\n<p>No caso dos alimentos, a alta de 1,35% contribuiu com 0,34 ponto percentual na forma\u00e7\u00e3o do \u00edndice do m\u00eas, respondendo por 67% dele. O item frutas (8,52%) deteve a maior contribui\u00e7\u00e3o individual (0,09 ponto percentual). Al\u00e9m das frutas, outros produtos ficaram mais caros de um m\u00eas para o outro, sobretudo, o a\u00e7a\u00ed (11,80%), cenoura (8,77%), leite (5,76%), hortali\u00e7as (5,02%), batata-inglesa (4,80%) e feij\u00e3o-carioca (4,19%). Por outro lado, o tomate (-8,63%) e a cebola (-3,35%) ficaram mais baratos.<\/p>\n<p>J\u00e1 os rem\u00e9dios, 2,64% mais caros, se destacaram no grupo sa\u00fade e cuidados pessoais (1,32%), reflexo de parte do reajuste de 12,50% em vigor a partir de 1\u00ba primeiro de abril. Plano de sa\u00fade (1,06%), artigos de higiene pessoal (0,70%) e servi\u00e7os laboratoriais e hospitalares (0,66%) s\u00e3o outros destaques no grupo.<\/p>\n<p>Nielmar de Oliveira &#8211; Reporter da Agencia Brasil<br \/>\nEdi\u00e7\u00e3o: Kleber Sampaio<br \/>\n22\/04\/2016<\/p>\n","protected":false},"excerpt":{"rendered":"<p>Depois de sinais de desacelera\u00e7\u00e3o, a infla\u00e7\u00e3o &#8211; medida pelo \u00cdndice Nacional de Pre\u00e7os ao Consumidor Amplo 15 (IPCA-15) &#8211; voltou a acelerar ao fechar abril com alta de 0,51%, resultado 0,08 ponto percentual acima dos 0,43% de mar\u00e7o. Apesar da alta de mar\u00e7o para abril, o resultado acumulado nos quatros primeiros do ano ficou [&hellip;]<\/p>\n","protected":false},"author":2,"featured_media":57584,"comment_status":"open","ping_status":"closed","sticky":false,"template":"","format":"standard","meta":{"_genesis_hide_title":false,"_genesis_hide_breadcrumbs":false,"_genesis_hide_singular_image":false,"_genesis_hide_footer_widgets":false,"_genesis_custom_body_class":"","_genesis_custom_post_class":"","_genesis_layout":"","_jetpack_memberships_contains_paid_content":false,"footnotes":""},"categories":[22,7],"tags":[],"class_list":{"0":"post-84843","1":"post","2":"type-post","3":"status-publish","4":"format-standard","5":"has-post-thumbnail","7":"category-brasil","8":"category-economia","9":"entry","10":"gs-1","11":"gs-odd","12":"gs-even","13":"gs-featured-content-entry"},"jetpack_featured_media_url":"https:\/\/www.redenoticia.com.br\/noticia\/imagens\/economia-grafica-analise-inflacao.jpg","jetpack_sharing_enabled":true,"jetpack_likes_enabled":true,"_links":{"self":[{"href":"https:\/\/www.redenoticia.com.br\/noticia\/wp-json\/wp\/v2\/posts\/84843","targetHints":{"allow":["GET"]}}],"collection":[{"href":"https:\/\/www.redenoticia.com.br\/noticia\/wp-json\/wp\/v2\/posts"}],"about":[{"href":"https:\/\/www.redenoticia.com.br\/noticia\/wp-json\/wp\/v2\/types\/post"}],"author":[{"embeddable":true,"href":"https:\/\/www.redenoticia.com.br\/noticia\/wp-json\/wp\/v2\/users\/2"}],"replies":[{"embeddable":true,"href":"https:\/\/www.redenoticia.com.br\/noticia\/wp-json\/wp\/v2\/comments?post=84843"}],"version-history":[{"count":0,"href":"https:\/\/www.redenoticia.com.br\/noticia\/wp-json\/wp\/v2\/posts\/84843\/revisions"}],"wp:featuredmedia":[{"embeddable":true,"href":"https:\/\/www.redenoticia.com.br\/noticia\/wp-json\/wp\/v2\/media\/57584"}],"wp:attachment":[{"href":"https:\/\/www.redenoticia.com.br\/noticia\/wp-json\/wp\/v2\/media?parent=84843"}],"wp:term":[{"taxonomy":"category","embeddable":true,"href":"https:\/\/www.redenoticia.com.br\/noticia\/wp-json\/wp\/v2\/categories?post=84843"},{"taxonomy":"post_tag","embeddable":true,"href":"https:\/\/www.redenoticia.com.br\/noticia\/wp-json\/wp\/v2\/tags?post=84843"}],"curies":[{"name":"wp","href":"https:\/\/api.w.org\/{rel}","templated":true}]}}