{"id":84837,"date":"2016-04-25T10:40:03","date_gmt":"2016-04-25T13:40:03","guid":{"rendered":"http:\/\/www.redenoticia.com.br\/noticia\/?p=84837"},"modified":"2016-04-21T21:48:02","modified_gmt":"2016-04-22T00:48:02","slug":"procon-sp-e-contra-a-implantacao-da-franquia-de-dados-na-banda-larga-fixa","status":"publish","type":"post","link":"https:\/\/www.redenoticia.com.br\/noticia\/2016\/procon-sp-e-contra-a-implantacao-da-franquia-de-dados-na-banda-larga-fixa\/84837","title":{"rendered":"Procon-SP \u00e9 contra a implanta\u00e7\u00e3o da franquia de dados na banda larga fixa"},"content":{"rendered":"<p> A Funda\u00e7\u00e3o Procon-SP divulgou nota em que reitera sua posi\u00e7\u00e3o contr\u00e1ria \u00e0 <strong><em>limita\u00e7\u00e3o nos planos de internet fixa<\/em><\/strong>. O \u00f3rg\u00e3o de defesa do consumidor se manifestou em raz\u00e3o de nota divulgada pela Ag\u00eancia Nacional de Telecomunica\u00e7\u00f5es (Anatel), informando que as operadoras poder\u00e3o dentro de 90 dias, ap\u00f3s cumprir alguns requisitos, comercializar planos de internet fixa atrav\u00e9s de franquia de dados, com a possibilidade da redu\u00e7\u00e3o de velocidade, suspens\u00e3o de servi\u00e7o ou de cobran\u00e7a de tr\u00e1fego excedente.<\/p>\n<p> O Procon-SP reiterou que \u00e9 contr\u00e1rio a este posicionamento e que oficiar\u00e1 a ag\u00eancia requerendo um debate amplo sobre o tema antes que sejam tomadas medidas definitivas. O \u00f3rg\u00e3o \u00e9 contr\u00e1rio a qualquer limita\u00e7\u00e3o no acesso \u00e0 internet, uma vez que o servi\u00e7o \u00e9 essencial e as medidas anunciadas s\u00e3o prejudiciais por serem restritivas, impedirem o acesso e colidirem com as pol\u00edticas de inclus\u00e3o digital.<\/p>\n<p>As franquias naturalmente ter\u00e3o como consequ\u00eancia inibir ou restringir o acesso dos consumidores a determinados conte\u00fados, desrespeitando o conceito legal de neutralidade da rede, previsto no Marco Civil da Internet, de tratar sem distin\u00e7\u00e3o quaisquer pacote de dados. Desenha-se tamb\u00e9m uma pratica abusiva de eleva\u00e7\u00e3o injustificada de pre\u00e7o, de acordo com o C\u00f3digo de Defesa do Consumidor, pois o consumidor ser\u00e1 compelido a contratar planos maiores, mais caros e ou pacotes adicionais para garantir servi\u00e7o no mesmo padr\u00e3o.<\/p>\n<p>Finalmente, o conceito de internet pressup\u00f5e a livre circula\u00e7\u00e3o da informa\u00e7\u00e3o para a dissemina\u00e7\u00e3o do conhecimento e do desenvolvimento social e econ\u00f4mico. O limite n\u00e3o faz sentido, seria como restringir o uso para desobrigar o investimento em algo fundamental para a sociedade.<\/p>\n<p>As informa\u00e7\u00f5es s\u00e3o do Procon-SP<br \/>\nDo Portal do Governo do Estado SP<\/p>\n","protected":false},"excerpt":{"rendered":"<p>A Funda\u00e7\u00e3o Procon-SP divulgou nota em que reitera sua posi\u00e7\u00e3o contr\u00e1ria \u00e0 limita\u00e7\u00e3o nos planos de internet fixa. O \u00f3rg\u00e3o de defesa do consumidor se manifestou em raz\u00e3o de nota divulgada pela Ag\u00eancia Nacional de Telecomunica\u00e7\u00f5es (Anatel), informando que as operadoras poder\u00e3o dentro de 90 dias, ap\u00f3s cumprir alguns requisitos, comercializar planos de internet fixa [&hellip;]<\/p>\n","protected":false},"author":2,"featured_media":57576,"comment_status":"open","ping_status":"closed","sticky":false,"template":"","format":"standard","meta":{"_genesis_hide_title":false,"_genesis_hide_breadcrumbs":false,"_genesis_hide_singular_image":false,"_genesis_hide_footer_widgets":false,"_genesis_custom_body_class":"","_genesis_custom_post_class":"","_genesis_layout":"","_jetpack_memberships_contains_paid_content":false,"footnotes":""},"categories":[22,7],"tags":[],"class_list":{"0":"post-84837","1":"post","2":"type-post","3":"status-publish","4":"format-standard","5":"has-post-thumbnail","7":"category-brasil","8":"category-economia","9":"entry","10":"gs-1","11":"gs-odd","12":"gs-even","13":"gs-featured-content-entry"},"jetpack_featured_media_url":"https:\/\/www.redenoticia.com.br\/noticia\/imagens\/tecnologia1.jpg","jetpack_sharing_enabled":true,"jetpack_likes_enabled":true,"_links":{"self":[{"href":"https:\/\/www.redenoticia.com.br\/noticia\/wp-json\/wp\/v2\/posts\/84837","targetHints":{"allow":["GET"]}}],"collection":[{"href":"https:\/\/www.redenoticia.com.br\/noticia\/wp-json\/wp\/v2\/posts"}],"about":[{"href":"https:\/\/www.redenoticia.com.br\/noticia\/wp-json\/wp\/v2\/types\/post"}],"author":[{"embeddable":true,"href":"https:\/\/www.redenoticia.com.br\/noticia\/wp-json\/wp\/v2\/users\/2"}],"replies":[{"embeddable":true,"href":"https:\/\/www.redenoticia.com.br\/noticia\/wp-json\/wp\/v2\/comments?post=84837"}],"version-history":[{"count":0,"href":"https:\/\/www.redenoticia.com.br\/noticia\/wp-json\/wp\/v2\/posts\/84837\/revisions"}],"wp:featuredmedia":[{"embeddable":true,"href":"https:\/\/www.redenoticia.com.br\/noticia\/wp-json\/wp\/v2\/media\/57576"}],"wp:attachment":[{"href":"https:\/\/www.redenoticia.com.br\/noticia\/wp-json\/wp\/v2\/media?parent=84837"}],"wp:term":[{"taxonomy":"category","embeddable":true,"href":"https:\/\/www.redenoticia.com.br\/noticia\/wp-json\/wp\/v2\/categories?post=84837"},{"taxonomy":"post_tag","embeddable":true,"href":"https:\/\/www.redenoticia.com.br\/noticia\/wp-json\/wp\/v2\/tags?post=84837"}],"curies":[{"name":"wp","href":"https:\/\/api.w.org\/{rel}","templated":true}]}}