{"id":84695,"date":"2016-04-20T10:36:50","date_gmt":"2016-04-20T13:36:50","guid":{"rendered":"http:\/\/www.redenoticia.com.br\/noticia\/?p=84695"},"modified":"2016-04-19T19:37:59","modified_gmt":"2016-04-19T22:37:59","slug":"receita-arrecadacao-podera-fechar-ano-com-queda-maior-que-a-do-pib","status":"publish","type":"post","link":"https:\/\/www.redenoticia.com.br\/noticia\/2016\/receita-arrecadacao-podera-fechar-ano-com-queda-maior-que-a-do-pib\/84695","title":{"rendered":"Receita: arrecada\u00e7\u00e3o poder\u00e1 fechar ano com queda maior que a do PIB"},"content":{"rendered":"<p> Com queda real (descontada a infla\u00e7\u00e3o) de 8,19% no primeiro trimestre, a <strong><em>arrecada\u00e7\u00e3o federal<\/em><\/strong> dever\u00e1 se recuperar a partir do segundo semestre, mas fechar o ano com queda maior que a do Produto Interno Bruto (PIB, soma dos bens e servi\u00e7os produzidos no pa\u00eds). A avalia\u00e7\u00e3o \u00e9 do chefe do Centro de Estudos Tribut\u00e1rios da Receita Federal, Claudemir Malaquias.<\/p>\n<p>Malaquias n\u00e3o deu uma estimativa de quanto ser\u00e1 a queda real da arrecada\u00e7\u00e3o no fim deste ano, mas disse que as proje\u00e7\u00f5es do Fisco est\u00e3o em linha com as previs\u00f5es do Boletim Focus, pesquisa semanal com institui\u00e7\u00f5es financeiras divulgadas semanalmente pelo Banco Central. A \u00faltima edi\u00e7\u00e3o da pesquisa projeta contra\u00e7\u00e3o de 3,8% da economia neste ano. Segundo Malaquias, a arrecada\u00e7\u00e3o poder\u00e1 cair em ritmo um pouco maior.<\/p>\n<p>De acordo com o t\u00e9cnico da Receita, as incertezas quanto ao rumo da economia e as dificuldades em prever como se dar\u00e1 a recupera\u00e7\u00e3o da atividade impedem o Fisco de fazer previs\u00f5es precisas. \u201cNos tr\u00eas primeiros meses do ano, tivemos um cen\u00e1rio bastante complicado em termos econ\u00f4micos. Essa incerteza nos impede de fazer previs\u00f5es para prazos mais longos.\u201d<\/p>\n<p>Malaquias disse que \u00e9 preciso esperar mais meses para saber que setores da economia v\u00e3o a se recuperar mais rapidamente. Somente ent\u00e3o, a Receita poder\u00e1 estimar quanto ser\u00e1 a queda real na arrecada\u00e7\u00e3o. \u201cA economia brasileira \u00e9 muito grande. Uma pequena recupera\u00e7\u00e3o tem impacto significativo na arrecada\u00e7\u00e3o federal. A quest\u00e3o \u00e9 saber quando isso vai acontecer e quais setores puxar\u00e3o essa retomada. As exporta\u00e7\u00f5es e o agroneg\u00f3cio j\u00e1 registram desempenho positivo, mas existem setores que impulsionam mais a arrecada\u00e7\u00e3o.\u201d<\/p>\n<p>Para o chefe do Centro de Estudos Tribut\u00e1rios da Receita, a arrecada\u00e7\u00e3o est\u00e1 ligada ao comportamento da economia. Ele afirma que a receita dos impostos e das contribui\u00e7\u00f5es s\u00f3 n\u00e3o caiu mais por causa da revers\u00e3o parcial de desonera\u00e7\u00f5es, como da folha de pagamento e de equipamentos tecnol\u00f3gicos, e do aumento de tributos, como a Contribui\u00e7\u00e3o de Interven\u00e7\u00e3o no Dom\u00ednio Econ\u00f4mico (Cide) sobre os combust\u00edveis e o Imposto sobre Opera\u00e7\u00f5es Financeiras (IOF) no cr\u00e9dito a pessoas f\u00edsicas.<\/p>\n<p>\u201cAs empresas e as fam\u00edlias sofrem com o cen\u00e1rio econ\u00f4mico. Com menos renda dispon\u00edvel na economia, cai a demanda agregada, diminui a arrecada\u00e7\u00e3o de impostos sobre o consumo numa primeira etapa e sobre a produ\u00e7\u00e3o, em seguida. Al\u00e9m disso, a queda do emprego e dos sal\u00e1rios faz com que tenhamos perda de arrecada\u00e7\u00e3o na \u00e1rea previdenci\u00e1ria\u201d, declarou Malaquias.<\/p>\n<p>Conforme n\u00fameros divulgados pela Receita, a arrecada\u00e7\u00e3o federal somou R$ 313,014 bilh\u00f5es de janeiro a mar\u00e7o. O valor representa queda real de 8,19% em rela\u00e7\u00e3o ao mesmo per\u00edodo do ano passado e \u00e9 o menor para o per\u00edodo desde 2010.<\/p>\n<p>Wellton M\u00e1ximo \u2013 Rep\u00f3rter da Ag\u00eancia Brasil<br \/>\nEdi\u00e7\u00e3o: N\u00e1dia Franco<br \/>\n20\/04\/2016 <\/p>\n","protected":false},"excerpt":{"rendered":"<p>Com queda real (descontada a infla\u00e7\u00e3o) de 8,19% no primeiro trimestre, a arrecada\u00e7\u00e3o federal dever\u00e1 se recuperar a partir do segundo semestre, mas fechar o ano com queda maior que a do Produto Interno Bruto (PIB, soma dos bens e servi\u00e7os produzidos no pa\u00eds). A avalia\u00e7\u00e3o \u00e9 do chefe do Centro de Estudos Tribut\u00e1rios da [&hellip;]<\/p>\n","protected":false},"author":2,"featured_media":57583,"comment_status":"open","ping_status":"closed","sticky":false,"template":"","format":"standard","meta":{"_genesis_hide_title":false,"_genesis_hide_breadcrumbs":false,"_genesis_hide_singular_image":false,"_genesis_hide_footer_widgets":false,"_genesis_custom_body_class":"","_genesis_custom_post_class":"","_genesis_layout":"","_jetpack_memberships_contains_paid_content":false,"footnotes":""},"categories":[22,7],"tags":[],"class_list":{"0":"post-84695","1":"post","2":"type-post","3":"status-publish","4":"format-standard","5":"has-post-thumbnail","7":"category-brasil","8":"category-economia","9":"entry","10":"gs-1","11":"gs-odd","12":"gs-even","13":"gs-featured-content-entry"},"jetpack_featured_media_url":"https:\/\/www.redenoticia.com.br\/noticia\/imagens\/economia-grafico.jpg","jetpack_sharing_enabled":true,"jetpack_likes_enabled":true,"_links":{"self":[{"href":"https:\/\/www.redenoticia.com.br\/noticia\/wp-json\/wp\/v2\/posts\/84695","targetHints":{"allow":["GET"]}}],"collection":[{"href":"https:\/\/www.redenoticia.com.br\/noticia\/wp-json\/wp\/v2\/posts"}],"about":[{"href":"https:\/\/www.redenoticia.com.br\/noticia\/wp-json\/wp\/v2\/types\/post"}],"author":[{"embeddable":true,"href":"https:\/\/www.redenoticia.com.br\/noticia\/wp-json\/wp\/v2\/users\/2"}],"replies":[{"embeddable":true,"href":"https:\/\/www.redenoticia.com.br\/noticia\/wp-json\/wp\/v2\/comments?post=84695"}],"version-history":[{"count":0,"href":"https:\/\/www.redenoticia.com.br\/noticia\/wp-json\/wp\/v2\/posts\/84695\/revisions"}],"wp:featuredmedia":[{"embeddable":true,"href":"https:\/\/www.redenoticia.com.br\/noticia\/wp-json\/wp\/v2\/media\/57583"}],"wp:attachment":[{"href":"https:\/\/www.redenoticia.com.br\/noticia\/wp-json\/wp\/v2\/media?parent=84695"}],"wp:term":[{"taxonomy":"category","embeddable":true,"href":"https:\/\/www.redenoticia.com.br\/noticia\/wp-json\/wp\/v2\/categories?post=84695"},{"taxonomy":"post_tag","embeddable":true,"href":"https:\/\/www.redenoticia.com.br\/noticia\/wp-json\/wp\/v2\/tags?post=84695"}],"curies":[{"name":"wp","href":"https:\/\/api.w.org\/{rel}","templated":true}]}}