{"id":84693,"date":"2016-04-20T10:35:36","date_gmt":"2016-04-20T13:35:36","guid":{"rendered":"http:\/\/www.redenoticia.com.br\/noticia\/?p=84693"},"modified":"2016-04-19T19:36:46","modified_gmt":"2016-04-19T22:36:46","slug":"arrecadacao-federal-e-a-menor-para-o-primeiro-trimestre-desde-2010","status":"publish","type":"post","link":"https:\/\/www.redenoticia.com.br\/noticia\/2016\/arrecadacao-federal-e-a-menor-para-o-primeiro-trimestre-desde-2010\/84693","title":{"rendered":"Arrecada\u00e7\u00e3o federal \u00e9 a menor para o primeiro trimestre desde 2010"},"content":{"rendered":"<p> A crise econ\u00f4mica, que diminui a produ\u00e7\u00e3o e o consumo, fez a <strong><em>arrecada\u00e7\u00e3o federal<\/em><\/strong> atingir em mar\u00e7o o menor valor em seis anos. No m\u00eas passado, o governo arrecadou R$ 95,779 bilh\u00f5es, queda de 6,96% em rela\u00e7\u00e3o a mar\u00e7o de 2015, descontada a infla\u00e7\u00e3o oficial. A quantia \u00e9 a menor para o m\u00eas desde 2010, em valores corrigidos pelo \u00cdndice Nacional de Pre\u00e7os ao Consumidor Amplo (IPCA).<\/p>\n<p>No primeiro trimestre, a arrecada\u00e7\u00e3o federal somou R$ 313,014 bilh\u00f5es, queda de 8,19% na compara\u00e7\u00e3o com o mesmo per\u00edodo do ano passado considerando o IPCA. O valor acumulado tamb\u00e9m \u00e9 o menor para os tr\u00eas primeiros meses do ano desde 2010.<\/p>\n<p>Segundo a Receita Federal, a queda da atividade econ\u00f4mica \u00e9 o principal respons\u00e1vel pela queda na arrecada\u00e7\u00e3o este ano. Entre os fatores, a Receita destaca o recuo de 11,8% na produ\u00e7\u00e3o industrial no primeiro trimestre, a redu\u00e7\u00e3o de 10,47% na venda de bens e servi\u00e7os e a contra\u00e7\u00e3o de 33,62% no valor em d\u00f3lar das importa\u00e7\u00f5es. Vinculada \u00e0 arrecada\u00e7\u00e3o da Previd\u00eancia Social, a massa salarial caiu 0,03% no primeiro trimestre.<\/p>\n<p>Os tributos que puxaram a queda na arrecada\u00e7\u00e3o no primeiro trimestre foram o Imposto de Renda Pessoa Jur\u00eddica e a Contribui\u00e7\u00e3o Social sobre o Lucro L\u00edquido, cuja receita caiu R$ 7,7 bilh\u00f5es, descontando o IPCA, por causa do menor lucro das empresas. Em segundo lugar, est\u00e1 a receita da Previd\u00eancia Social, com queda real (considerando a infla\u00e7\u00e3o) de R$ 5,5 bilh\u00f5es, motivada pelo aumento do desemprego.<\/p>\n<p>Em terceiro lugar, est\u00e3o o Programa de Integra\u00e7\u00e3o Social e a Contribui\u00e7\u00e3o para o Financiamento da Seguridade Social (PIS\/Cofins), que ca\u00edram R$ 4,2 bilh\u00f5es por causa da contra\u00e7\u00e3o nas vendas. Cobrados sobre o faturamento das empresas, esses tributos refletem diretamente o consumo. Por fim, a arrecada\u00e7\u00e3o de Imposto sobre Produtos Industrializados (IPI) caiu R$ 3,2 bilh\u00f5es em valores reais por causa da queda da produ\u00e7\u00e3o industrial.<\/p>\n<p>A revers\u00e3o de desonera\u00e7\u00f5es concedidas no passado refor\u00e7ou a arrecada\u00e7\u00e3o em 2016, mas em ritmo insuficiente para compensar a retra\u00e7\u00e3o da economia. De janeiro a mar\u00e7o, o governo arrecadou R$ 6,7 bilh\u00f5es a mais com itens que haviam sofrido redu\u00e7\u00e3o de tributos nos \u00faltimos anos. Desse total, a maior parte v\u00eam da reintrodu\u00e7\u00e3o da Contribui\u00e7\u00e3o de Interven\u00e7\u00e3o no Dom\u00ednio Econ\u00f4mico (Cide), cobrada sobre os combust\u00edveis e que rendeu R$ 3,3 bilh\u00f5es aos cofres federais este ano.<\/p>\n<p>A redu\u00e7\u00e3o pela metade da desonera\u00e7\u00e3o da folha de pagamentos rendeu R$ 2,4 bilh\u00f5es ao governo no primeiro trimestre, e a reintrodu\u00e7\u00e3o do Imposto sobre a Circula\u00e7\u00e3o de Mercadorias e Servi\u00e7os (ICMS) na base de c\u00e1lculo do PIS\/Cofins das mercadorias importadas refor\u00e7ou a arrecada\u00e7\u00e3o em R$ 1 bilh\u00e3o no per\u00edodo.<\/p>\n<p>Wellton M\u00e1ximo \u2013 Rep\u00f3rter da Ag\u00eancia Brasil<br \/>\nEdi\u00e7\u00e3o: N\u00e1dia Franco<br \/>\n20\/04\/2016<\/p>\n","protected":false},"excerpt":{"rendered":"<p>A crise econ\u00f4mica, que diminui a produ\u00e7\u00e3o e o consumo, fez a arrecada\u00e7\u00e3o federal atingir em mar\u00e7o o menor valor em seis anos. No m\u00eas passado, o governo arrecadou R$ 95,779 bilh\u00f5es, queda de 6,96% em rela\u00e7\u00e3o a mar\u00e7o de 2015, descontada a infla\u00e7\u00e3o oficial. A quantia \u00e9 a menor para o m\u00eas desde 2010, [&hellip;]<\/p>\n","protected":false},"author":2,"featured_media":38938,"comment_status":"open","ping_status":"closed","sticky":false,"template":"","format":"standard","meta":{"_genesis_hide_title":false,"_genesis_hide_breadcrumbs":false,"_genesis_hide_singular_image":false,"_genesis_hide_footer_widgets":false,"_genesis_custom_body_class":"","_genesis_custom_post_class":"","_genesis_layout":"","_jetpack_memberships_contains_paid_content":false,"footnotes":""},"categories":[22,7],"tags":[],"class_list":{"0":"post-84693","1":"post","2":"type-post","3":"status-publish","4":"format-standard","5":"has-post-thumbnail","7":"category-brasil","8":"category-economia","9":"entry","10":"gs-1","11":"gs-odd","12":"gs-even","13":"gs-featured-content-entry"},"jetpack_featured_media_url":"https:\/\/www.redenoticia.com.br\/noticia\/imagens\/economia1.jpg","jetpack_sharing_enabled":true,"jetpack_likes_enabled":true,"_links":{"self":[{"href":"https:\/\/www.redenoticia.com.br\/noticia\/wp-json\/wp\/v2\/posts\/84693","targetHints":{"allow":["GET"]}}],"collection":[{"href":"https:\/\/www.redenoticia.com.br\/noticia\/wp-json\/wp\/v2\/posts"}],"about":[{"href":"https:\/\/www.redenoticia.com.br\/noticia\/wp-json\/wp\/v2\/types\/post"}],"author":[{"embeddable":true,"href":"https:\/\/www.redenoticia.com.br\/noticia\/wp-json\/wp\/v2\/users\/2"}],"replies":[{"embeddable":true,"href":"https:\/\/www.redenoticia.com.br\/noticia\/wp-json\/wp\/v2\/comments?post=84693"}],"version-history":[{"count":0,"href":"https:\/\/www.redenoticia.com.br\/noticia\/wp-json\/wp\/v2\/posts\/84693\/revisions"}],"wp:featuredmedia":[{"embeddable":true,"href":"https:\/\/www.redenoticia.com.br\/noticia\/wp-json\/wp\/v2\/media\/38938"}],"wp:attachment":[{"href":"https:\/\/www.redenoticia.com.br\/noticia\/wp-json\/wp\/v2\/media?parent=84693"}],"wp:term":[{"taxonomy":"category","embeddable":true,"href":"https:\/\/www.redenoticia.com.br\/noticia\/wp-json\/wp\/v2\/categories?post=84693"},{"taxonomy":"post_tag","embeddable":true,"href":"https:\/\/www.redenoticia.com.br\/noticia\/wp-json\/wp\/v2\/tags?post=84693"}],"curies":[{"name":"wp","href":"https:\/\/api.w.org\/{rel}","templated":true}]}}