{"id":84691,"date":"2016-04-20T10:34:35","date_gmt":"2016-04-20T13:34:35","guid":{"rendered":"http:\/\/www.redenoticia.com.br\/noticia\/?p=84691"},"modified":"2016-04-19T19:35:33","modified_gmt":"2016-04-19T22:35:33","slug":"aneel-aumenta-energia-em-quatro-estados-do-nordeste","status":"publish","type":"post","link":"https:\/\/www.redenoticia.com.br\/noticia\/2016\/aneel-aumenta-energia-em-quatro-estados-do-nordeste\/84691","title":{"rendered":"Aneel aumenta energia em quatro estados do Nordeste"},"content":{"rendered":"<p> A Ag\u00eancia Nacional de Energia El\u00e9trica (Aneel) aprovou <strong><em>reajuste tarif\u00e1rio<\/em><\/strong> para quatro distribuidoras de energia, que atendem consumidores do Cear\u00e1, da Bahia, do Rio Grande do Norte e de Sergipe. Os novos pre\u00e7os come\u00e7am a valer nesta sexta-feira (22).<\/p>\n<p>A Companhia Energ\u00e9tica do Cear\u00e1 poder\u00e1 reajustar a tarifa de energia em 13,7% para os consumidores residenciais e em 11,51% para as ind\u00fastrias. Os novos valores ser\u00e3o aplicados para 3,4 milh\u00f5es de unidades consumidoras localizadas em 184 munic\u00edpios do estado.<\/p>\n<p>Para a Companhia de Eletricidade do Estado da Bahia o aumento ser\u00e1 10,82% para os consumidores residenciais e 10,64% para as ind\u00fastrias. A companhia atende 5,7 milh\u00f5es de consumidores nos 415 munic\u00edpios baianos.<\/p>\n<p>O reajuste tarif\u00e1rio da Companhia Energ\u00e9tica do Rio Grande do Norte ser\u00e1 7,8% para os consumidores residenciais e 7,61% para as ind\u00fastrias. A empresa distribui energia para 1,3 milh\u00e3o de unidades consumidoras em 167 munic\u00edpios do estado.<\/p>\n<p>Para a Energisa o aumento ser\u00e1 5,6% para os consumidores residenciais e 4,74% para as ind\u00fastrias. A distribuidora atende 731 mil unidades consumidoras localizadas em 63 munic\u00edpios de Sergipe.<\/p>\n<p>Segundo a ag\u00eancia reguladora, o reajuste considera a varia\u00e7\u00e3o de custos associados \u00e0 presta\u00e7\u00e3o do servi\u00e7o, conforme estabelecido no contrato de concess\u00e3o das distribuidoras. O c\u00e1lculo leva em conta a aquisi\u00e7\u00e3o e a transmiss\u00e3o de energia el\u00e9trica, al\u00e9m dos encargos setoriais. Os custos t\u00edpicos da atividade de distribui\u00e7\u00e3o s\u00e3o atualizados com base no \u00cdndice Geral de Pre\u00e7os de Mercado.<\/p>\n<p>Sabrina Craide &#8211; Rep\u00f3rter da Ag\u00eancia Brasil<br \/>\nEdi\u00e7\u00e3o: Beto Coura<br \/>\n20\/04\/2016<\/p>\n","protected":false},"excerpt":{"rendered":"<p>A Ag\u00eancia Nacional de Energia El\u00e9trica (Aneel) aprovou reajuste tarif\u00e1rio para quatro distribuidoras de energia, que atendem consumidores do Cear\u00e1, da Bahia, do Rio Grande do Norte e de Sergipe. Os novos pre\u00e7os come\u00e7am a valer nesta sexta-feira (22). A Companhia Energ\u00e9tica do Cear\u00e1 poder\u00e1 reajustar a tarifa de energia em 13,7% para os consumidores [&hellip;]<\/p>\n","protected":false},"author":2,"featured_media":57582,"comment_status":"open","ping_status":"closed","sticky":false,"template":"","format":"standard","meta":{"_genesis_hide_title":false,"_genesis_hide_breadcrumbs":false,"_genesis_hide_singular_image":false,"_genesis_hide_footer_widgets":false,"_genesis_custom_body_class":"","_genesis_custom_post_class":"","_genesis_layout":"","_jetpack_memberships_contains_paid_content":false,"footnotes":""},"categories":[22,7],"tags":[],"class_list":{"0":"post-84691","1":"post","2":"type-post","3":"status-publish","4":"format-standard","5":"has-post-thumbnail","7":"category-brasil","8":"category-economia","9":"entry","10":"gs-1","11":"gs-odd","12":"gs-even","13":"gs-featured-content-entry"},"jetpack_featured_media_url":"https:\/\/www.redenoticia.com.br\/noticia\/imagens\/grafico1.jpg","jetpack_sharing_enabled":true,"jetpack_likes_enabled":true,"_links":{"self":[{"href":"https:\/\/www.redenoticia.com.br\/noticia\/wp-json\/wp\/v2\/posts\/84691","targetHints":{"allow":["GET"]}}],"collection":[{"href":"https:\/\/www.redenoticia.com.br\/noticia\/wp-json\/wp\/v2\/posts"}],"about":[{"href":"https:\/\/www.redenoticia.com.br\/noticia\/wp-json\/wp\/v2\/types\/post"}],"author":[{"embeddable":true,"href":"https:\/\/www.redenoticia.com.br\/noticia\/wp-json\/wp\/v2\/users\/2"}],"replies":[{"embeddable":true,"href":"https:\/\/www.redenoticia.com.br\/noticia\/wp-json\/wp\/v2\/comments?post=84691"}],"version-history":[{"count":0,"href":"https:\/\/www.redenoticia.com.br\/noticia\/wp-json\/wp\/v2\/posts\/84691\/revisions"}],"wp:featuredmedia":[{"embeddable":true,"href":"https:\/\/www.redenoticia.com.br\/noticia\/wp-json\/wp\/v2\/media\/57582"}],"wp:attachment":[{"href":"https:\/\/www.redenoticia.com.br\/noticia\/wp-json\/wp\/v2\/media?parent=84691"}],"wp:term":[{"taxonomy":"category","embeddable":true,"href":"https:\/\/www.redenoticia.com.br\/noticia\/wp-json\/wp\/v2\/categories?post=84691"},{"taxonomy":"post_tag","embeddable":true,"href":"https:\/\/www.redenoticia.com.br\/noticia\/wp-json\/wp\/v2\/tags?post=84691"}],"curies":[{"name":"wp","href":"https:\/\/api.w.org\/{rel}","templated":true}]}}