{"id":84689,"date":"2016-04-20T10:33:28","date_gmt":"2016-04-20T13:33:28","guid":{"rendered":"http:\/\/www.redenoticia.com.br\/noticia\/?p=84689"},"modified":"2016-04-19T19:34:32","modified_gmt":"2016-04-19T22:34:32","slug":"governo-coloca-a-venda-138-imoveis-por-leilao-ou-concorrencia","status":"publish","type":"post","link":"https:\/\/www.redenoticia.com.br\/noticia\/2016\/governo-coloca-a-venda-138-imoveis-por-leilao-ou-concorrencia\/84689","title":{"rendered":"Governo coloca \u00e0 venda 138 im\u00f3veis por leil\u00e3o ou concorr\u00eancia"},"content":{"rendered":"<p> O governo federal colocou \u00e0 <strong><em>venda 138 im\u00f3veis<\/em><\/strong>, por meio de licita\u00e7\u00e3o, na modalidade concorr\u00eancia ou leil\u00e3o. A venda ser\u00e1 feita pela Caixa Econ\u00f4mica Federal, de acordo com portaria publicada no Di\u00e1rio Oficial da Uni\u00e3o. Segundo o Minist\u00e9rio do Planejamento, Or\u00e7amento e Gest\u00e3o, a Caixa Econ\u00f4mica Federal ter\u00e1 180 dias para publicar editais contendo as regras da aliena\u00e7\u00e3o. A meta \u00e9 reduzir despesas e racionalizar gastos com im\u00f3veis que n\u00e3o ser\u00e3o utilizados pela Uni\u00e3o e as autarquias.<\/p>\n<p>\u201cEstamos buscando parcerias com \u00f3rg\u00e3os federais da administra\u00e7\u00e3o direta e indireta para identificar im\u00f3veis como esses. O objetivo \u00e9 racionalizar a gest\u00e3o do patrim\u00f4nio e gerar receitas a serem investidas nas a\u00e7\u00f5es priorit\u00e1rias de cada \u00f3rg\u00e3o\u201d, afirmou o secret\u00e1rio adjunto de Patrim\u00f4nio da Uni\u00e3o do minist\u00e9rio, Patryck Ara\u00fajo Carvalho, em nota.<\/p>\n<p>De acordo com a portaria, um im\u00f3vel, localizado no Rio de Janeiro, tem receitas vinculadas ao Fundo Nacional de Assist\u00eancia Social (Fnas). No caso do Instituto Brasileiro do Meio Ambiente e dos Recursos Naturais Renov\u00e1veis (Ibama), s\u00e3o 30 im\u00f3veis no Distrito Federal e em v\u00e1rios estados: Amazonas, Cear\u00e1, Goi\u00e1s, Minas Gerais, Mato Grosso, Para\u00edba, Piau\u00ed, Paran\u00e1, Rio Grande do Norte, Rio Grande do Sul, Santa Catarina, S\u00e3o Paulo e Tocantins.<\/p>\n<p>Tamb\u00e9m ser\u00e3o vendidos 53 propriedades do Instituto Nacional de Coloniza\u00e7\u00e3o e Reforma Agr\u00e1ria (Incra), no Distrito Federal. Ser\u00e3o vendidos 20 im\u00f3veis do Instituto Nacional da Propriedade Industrial (Inpi), sendo 18 no Distrito Federal e dois no Rio de Janeiro. O Programa de Administra\u00e7\u00e3o Patrimonial Imobili\u00e1ria da Uni\u00e3o (Proap) ter\u00e1 34 im\u00f3veis \u00e0 venda, sendo 32 no Distrito Federal, um no Paran\u00e1 e um no Rio Grande do Norte.<\/p>\n<p>Kelly Oliveira &#8211; Rep\u00f3rter da Ag\u00eancia Brasil<br \/>\nEdi\u00e7\u00e3o: Kleber Sampaio<br \/>\n20\/04\/2016<\/p>\n","protected":false},"excerpt":{"rendered":"<p>O governo federal colocou \u00e0 venda 138 im\u00f3veis, por meio de licita\u00e7\u00e3o, na modalidade concorr\u00eancia ou leil\u00e3o. A venda ser\u00e1 feita pela Caixa Econ\u00f4mica Federal, de acordo com portaria publicada no Di\u00e1rio Oficial da Uni\u00e3o. Segundo o Minist\u00e9rio do Planejamento, Or\u00e7amento e Gest\u00e3o, a Caixa Econ\u00f4mica Federal ter\u00e1 180 dias para publicar editais contendo as [&hellip;]<\/p>\n","protected":false},"author":2,"featured_media":34681,"comment_status":"open","ping_status":"closed","sticky":false,"template":"","format":"standard","meta":{"_genesis_hide_title":false,"_genesis_hide_breadcrumbs":false,"_genesis_hide_singular_image":false,"_genesis_hide_footer_widgets":false,"_genesis_custom_body_class":"","_genesis_custom_post_class":"","_genesis_layout":"","_jetpack_memberships_contains_paid_content":false,"footnotes":""},"categories":[22,7],"tags":[],"class_list":{"0":"post-84689","1":"post","2":"type-post","3":"status-publish","4":"format-standard","5":"has-post-thumbnail","7":"category-brasil","8":"category-economia","9":"entry","10":"gs-1","11":"gs-odd","12":"gs-even","13":"gs-featured-content-entry"},"jetpack_featured_media_url":"https:\/\/www.redenoticia.com.br\/noticia\/imagens\/secovi-sp.jpg","jetpack_sharing_enabled":true,"jetpack_likes_enabled":true,"_links":{"self":[{"href":"https:\/\/www.redenoticia.com.br\/noticia\/wp-json\/wp\/v2\/posts\/84689","targetHints":{"allow":["GET"]}}],"collection":[{"href":"https:\/\/www.redenoticia.com.br\/noticia\/wp-json\/wp\/v2\/posts"}],"about":[{"href":"https:\/\/www.redenoticia.com.br\/noticia\/wp-json\/wp\/v2\/types\/post"}],"author":[{"embeddable":true,"href":"https:\/\/www.redenoticia.com.br\/noticia\/wp-json\/wp\/v2\/users\/2"}],"replies":[{"embeddable":true,"href":"https:\/\/www.redenoticia.com.br\/noticia\/wp-json\/wp\/v2\/comments?post=84689"}],"version-history":[{"count":0,"href":"https:\/\/www.redenoticia.com.br\/noticia\/wp-json\/wp\/v2\/posts\/84689\/revisions"}],"wp:featuredmedia":[{"embeddable":true,"href":"https:\/\/www.redenoticia.com.br\/noticia\/wp-json\/wp\/v2\/media\/34681"}],"wp:attachment":[{"href":"https:\/\/www.redenoticia.com.br\/noticia\/wp-json\/wp\/v2\/media?parent=84689"}],"wp:term":[{"taxonomy":"category","embeddable":true,"href":"https:\/\/www.redenoticia.com.br\/noticia\/wp-json\/wp\/v2\/categories?post=84689"},{"taxonomy":"post_tag","embeddable":true,"href":"https:\/\/www.redenoticia.com.br\/noticia\/wp-json\/wp\/v2\/tags?post=84689"}],"curies":[{"name":"wp","href":"https:\/\/api.w.org\/{rel}","templated":true}]}}