{"id":84593,"date":"2016-04-19T10:37:26","date_gmt":"2016-04-19T13:37:26","guid":{"rendered":"http:\/\/www.redenoticia.com.br\/noticia\/?p=84593"},"modified":"2016-04-18T16:51:41","modified_gmt":"2016-04-18T19:51:41","slug":"lancamento-de-imoveis-cai-para-o-menor-patamar-desde-2004-mostra-secovi-sp","status":"publish","type":"post","link":"https:\/\/www.redenoticia.com.br\/noticia\/2016\/lancamento-de-imoveis-cai-para-o-menor-patamar-desde-2004-mostra-secovi-sp\/84593","title":{"rendered":"Lan\u00e7amento de im\u00f3veis cai para o menor patamar desde 2004, mostra Secovi-SP"},"content":{"rendered":"<p> O <strong><em>lan\u00e7amento de im\u00f3veis<\/em><\/strong> na capital paulista no acumulado de 12 meses, at\u00e9 fevereiro, caiu para 21,2 mil unidades, o menor n\u00famero desde 2004, quando foram lan\u00e7ados 22,5 mil im\u00f3veis. No mesmo per\u00edodo de 2015, foram lan\u00e7adas 33,7 mil, conforme indicam os dados da \u00faltima Pesquisa do Mercado Imobili\u00e1rio, do Departamento de Economia e Estat\u00edstica do Sindicato da Habita\u00e7\u00e3o (Secovi-SP).<\/p>\n<p>Em fevereiro, a cidade teve 171 unidades lan\u00e7adas, 82,1% menos que janeiro, quando foram lan\u00e7adas 956 unidades. Em rela\u00e7\u00e3o ao mesmo m\u00eas em 2015, quando foram lan\u00e7adas 872 unidades, a redu\u00e7\u00e3o foi 80,4%.<\/p>\n<p>A venda de resid\u00eancias novas caiu 12% em fevereiro, na compara\u00e7\u00e3o com janeiro. Foram vendidas 836 unidades em fevereiro, contra 950 em janeiro. Em rela\u00e7\u00e3o a fevereiro de 2015, quando foram vendidas 872 unidades, houve alta de 14,2%.<\/p>\n<p>Plantas com dois dormit\u00f3rios predominaram nos indicadores de fevereiro, com 412 vendas e 163 lan\u00e7amentos. Por faixas de \u00e1rea \u00fatil, im\u00f3veis com 45 m\u00b2 a 65 m\u00b2 lideraram entre os lan\u00e7amentos (116 unidades). Considerando todos os tipos de im\u00f3veis, aqueles com \u00e1rea inferior a 45m\u00b2 foram os mais vendidos (318 unidades).<\/p>\n<p>Casas e apartamentos com pre\u00e7os entre R$ 225 mil e R$ 500 representaram a maioria das vendas, com 328 unidades comercializadas. Esta faixa de valores tamb\u00e9m concentrou a maior quantidade de lan\u00e7amentos no m\u00eas (95,3% do total). Nas vendas por regi\u00f5es da cidade, liderou a zona leste, com 242 unidades vendidas. A regi\u00e3o com a maior quantidade de im\u00f3veis ofertados foi a zona sul, com 7.865 unidades.<\/p>\n<p>Fernanda Cruz \u2013 Rep\u00f3rter da Ag\u00eancia Brasil<br \/>\nEdi\u00e7\u00e3o: Denise Griesinger<br \/>\n19\/04\/2016<\/p>\n","protected":false},"excerpt":{"rendered":"<p>O lan\u00e7amento de im\u00f3veis na capital paulista no acumulado de 12 meses, at\u00e9 fevereiro, caiu para 21,2 mil unidades, o menor n\u00famero desde 2004, quando foram lan\u00e7ados 22,5 mil im\u00f3veis. No mesmo per\u00edodo de 2015, foram lan\u00e7adas 33,7 mil, conforme indicam os dados da \u00faltima Pesquisa do Mercado Imobili\u00e1rio, do Departamento de Economia e Estat\u00edstica [&hellip;]<\/p>\n","protected":false},"author":2,"featured_media":34681,"comment_status":"open","ping_status":"closed","sticky":false,"template":"","format":"standard","meta":{"_genesis_hide_title":false,"_genesis_hide_breadcrumbs":false,"_genesis_hide_singular_image":false,"_genesis_hide_footer_widgets":false,"_genesis_custom_body_class":"","_genesis_custom_post_class":"","_genesis_layout":"","_jetpack_memberships_contains_paid_content":false,"footnotes":""},"categories":[22,7],"tags":[],"class_list":{"0":"post-84593","1":"post","2":"type-post","3":"status-publish","4":"format-standard","5":"has-post-thumbnail","7":"category-brasil","8":"category-economia","9":"entry","10":"gs-1","11":"gs-odd","12":"gs-even","13":"gs-featured-content-entry"},"jetpack_featured_media_url":"https:\/\/www.redenoticia.com.br\/noticia\/imagens\/secovi-sp.jpg","jetpack_sharing_enabled":true,"jetpack_likes_enabled":true,"_links":{"self":[{"href":"https:\/\/www.redenoticia.com.br\/noticia\/wp-json\/wp\/v2\/posts\/84593","targetHints":{"allow":["GET"]}}],"collection":[{"href":"https:\/\/www.redenoticia.com.br\/noticia\/wp-json\/wp\/v2\/posts"}],"about":[{"href":"https:\/\/www.redenoticia.com.br\/noticia\/wp-json\/wp\/v2\/types\/post"}],"author":[{"embeddable":true,"href":"https:\/\/www.redenoticia.com.br\/noticia\/wp-json\/wp\/v2\/users\/2"}],"replies":[{"embeddable":true,"href":"https:\/\/www.redenoticia.com.br\/noticia\/wp-json\/wp\/v2\/comments?post=84593"}],"version-history":[{"count":0,"href":"https:\/\/www.redenoticia.com.br\/noticia\/wp-json\/wp\/v2\/posts\/84593\/revisions"}],"wp:featuredmedia":[{"embeddable":true,"href":"https:\/\/www.redenoticia.com.br\/noticia\/wp-json\/wp\/v2\/media\/34681"}],"wp:attachment":[{"href":"https:\/\/www.redenoticia.com.br\/noticia\/wp-json\/wp\/v2\/media?parent=84593"}],"wp:term":[{"taxonomy":"category","embeddable":true,"href":"https:\/\/www.redenoticia.com.br\/noticia\/wp-json\/wp\/v2\/categories?post=84593"},{"taxonomy":"post_tag","embeddable":true,"href":"https:\/\/www.redenoticia.com.br\/noticia\/wp-json\/wp\/v2\/tags?post=84593"}],"curies":[{"name":"wp","href":"https:\/\/api.w.org\/{rel}","templated":true}]}}