{"id":84525,"date":"2016-04-18T00:11:47","date_gmt":"2016-04-18T03:11:47","guid":{"rendered":"http:\/\/www.redenoticia.com.br\/noticia\/?p=84525"},"modified":"2016-04-18T00:13:46","modified_gmt":"2016-04-18T03:13:46","slug":"em-12-meses-pib-acumula-queda-de-41-diz-fgv","status":"publish","type":"post","link":"https:\/\/www.redenoticia.com.br\/noticia\/2016\/em-12-meses-pib-acumula-queda-de-41-diz-fgv\/84525","title":{"rendered":"Em 12 meses, PIB acumula queda de 4,1%, diz FGV"},"content":{"rendered":"<p> O <strong><em>Produto Interno Bruto<\/em><\/strong> (PIB), a soma de todos os bens e servi\u00e7os produzidos no pa\u00eds, acumulava, em fevereiro deste ano, queda de 4,1% em um per\u00edodo de 12 meses. \u00c9 a 14\u00aa taxa negativa. As informa\u00e7\u00f5es s\u00e3o do Monitor do PIB, divulgado pela Funda\u00e7\u00e3o Getulio Vargas (FGV).<\/p>\n<p>O PIB teve, em fevereiro, recuo de 1,79% na compara\u00e7\u00e3o com janeiro deste ano e de 3,7% na compara\u00e7\u00e3o com fevereiro do ano passado. O PIB tamb\u00e9m acumulou perda de 1,1% no trimestre encerrado em fevereiro, em compara\u00e7\u00e3o com o trimestre encerrado em novembro de 2015, informou a FGV.<\/p>\n<p>Na taxa acumulada em 12 meses, sete das 12 atividades produtivas pesquisadas tiveram queda, com destaque para a ind\u00fastria de transforma\u00e7\u00e3o (-10%), com\u00e9rcio (-9,3%) e constru\u00e7\u00e3o (-7,1%). Cinco atividades tiveram alta neste per\u00edodo: agropecu\u00e1ria (1,2%), ind\u00fastria extrativa mineral (1,7%), eletricidade (0,3%), intermedia\u00e7\u00e3o financeira (0,2%) e servi\u00e7os imobili\u00e1rios (0,4%).<\/p>\n<p>Em termos de demanda, o pior resultado foi observado na forma\u00e7\u00e3o bruta de capital fixo, ou seja, os investimentos, com queda de 15%. O consumo das fam\u00edlias recuou 4,3% e o consumo de governo, 0,8%. As exporta\u00e7\u00f5es acumulam alta de 9% e as importa\u00e7\u00f5es, queda de 16%.<\/p>\n<p>Vitor Abdala \u2013 Rep\u00f3rter da Ag\u00eancia Brasil<br \/>\nEdi\u00e7\u00e3o: Kleber Sampaio<br \/>\n17\/04\/2016<\/p>\n","protected":false},"excerpt":{"rendered":"<p>O Produto Interno Bruto (PIB), a soma de todos os bens e servi\u00e7os produzidos no pa\u00eds, acumulava, em fevereiro deste ano, queda de 4,1% em um per\u00edodo de 12 meses. \u00c9 a 14\u00aa taxa negativa. As informa\u00e7\u00f5es s\u00e3o do Monitor do PIB, divulgado pela Funda\u00e7\u00e3o Getulio Vargas (FGV). O PIB teve, em fevereiro, recuo de [&hellip;]<\/p>\n","protected":false},"author":2,"featured_media":57582,"comment_status":"open","ping_status":"closed","sticky":false,"template":"","format":"standard","meta":{"_genesis_hide_title":false,"_genesis_hide_breadcrumbs":false,"_genesis_hide_singular_image":false,"_genesis_hide_footer_widgets":false,"_genesis_custom_body_class":"","_genesis_custom_post_class":"","_genesis_layout":"","_jetpack_memberships_contains_paid_content":false,"footnotes":""},"categories":[22,7],"tags":[],"class_list":{"0":"post-84525","1":"post","2":"type-post","3":"status-publish","4":"format-standard","5":"has-post-thumbnail","7":"category-brasil","8":"category-economia","9":"entry","10":"gs-1","11":"gs-odd","12":"gs-even","13":"gs-featured-content-entry"},"jetpack_featured_media_url":"https:\/\/www.redenoticia.com.br\/noticia\/imagens\/grafico1.jpg","jetpack_sharing_enabled":true,"jetpack_likes_enabled":true,"_links":{"self":[{"href":"https:\/\/www.redenoticia.com.br\/noticia\/wp-json\/wp\/v2\/posts\/84525","targetHints":{"allow":["GET"]}}],"collection":[{"href":"https:\/\/www.redenoticia.com.br\/noticia\/wp-json\/wp\/v2\/posts"}],"about":[{"href":"https:\/\/www.redenoticia.com.br\/noticia\/wp-json\/wp\/v2\/types\/post"}],"author":[{"embeddable":true,"href":"https:\/\/www.redenoticia.com.br\/noticia\/wp-json\/wp\/v2\/users\/2"}],"replies":[{"embeddable":true,"href":"https:\/\/www.redenoticia.com.br\/noticia\/wp-json\/wp\/v2\/comments?post=84525"}],"version-history":[{"count":0,"href":"https:\/\/www.redenoticia.com.br\/noticia\/wp-json\/wp\/v2\/posts\/84525\/revisions"}],"wp:featuredmedia":[{"embeddable":true,"href":"https:\/\/www.redenoticia.com.br\/noticia\/wp-json\/wp\/v2\/media\/57582"}],"wp:attachment":[{"href":"https:\/\/www.redenoticia.com.br\/noticia\/wp-json\/wp\/v2\/media?parent=84525"}],"wp:term":[{"taxonomy":"category","embeddable":true,"href":"https:\/\/www.redenoticia.com.br\/noticia\/wp-json\/wp\/v2\/categories?post=84525"},{"taxonomy":"post_tag","embeddable":true,"href":"https:\/\/www.redenoticia.com.br\/noticia\/wp-json\/wp\/v2\/tags?post=84525"}],"curies":[{"name":"wp","href":"https:\/\/api.w.org\/{rel}","templated":true}]}}