{"id":84523,"date":"2016-04-18T00:10:20","date_gmt":"2016-04-18T03:10:20","guid":{"rendered":"http:\/\/www.redenoticia.com.br\/noticia\/?p=84523"},"modified":"2016-04-18T00:13:25","modified_gmt":"2016-04-18T03:13:25","slug":"pesquisa-mostra-cautela-do-brasileiro-na-tomada-de-credito","status":"publish","type":"post","link":"https:\/\/www.redenoticia.com.br\/noticia\/2016\/pesquisa-mostra-cautela-do-brasileiro-na-tomada-de-credito\/84523","title":{"rendered":"Pesquisa mostra cautela do brasileiro na tomada de cr\u00e9dito"},"content":{"rendered":"<p> A maioria dos consumidores brasileiros est\u00e1 cautelosa com opera\u00e7\u00f5es que podem resultar em <strong><em>endividamento<\/em><\/strong>, revela pesquisa divulgada pela Associa\u00e7\u00e3o Nacional das Institui\u00e7\u00f5es de Cr\u00e9dito, Financiamento e Investimento (Acrefi), feita em conjunto com a TNS Brasil, empresa global de pesquisa de mercado.<\/p>\n<p>O levantamento, o quinto do g\u00eanero, re\u00fane informa\u00e7\u00f5es coletadas em entrevistas com mil pessoas com idade entre 18 e 65 anos, de todas as regi\u00f5es do pa\u00eds, no per\u00edodo de 18 a 22 de mar\u00e7o. Mais da metade dos entrevistados, 52%, s\u00e3o mulheres e 48%, homens. Na sondagem, 82% das pessoas ouvidas disseram que n\u00e3o pretendem tomar cr\u00e9dito e 18% que t\u00eam inten\u00e7\u00e3o de contrair algum tipo de financiamento.<\/p>\n<p>carros novos<br \/>\nPesquisa revela queda na Inten\u00e7\u00e3o de tomar cr\u00e9dito para a compra de ve\u00edculo Arquivo\/Ag\u00eancia Brasil<br \/>\nEssa propor\u00e7\u00e3o mostra estabilidade em rela\u00e7\u00e3o \u00e0 ultima pesquisa, feita em outubro do ano passado. No entanto, ao responder sobre quatro tipos de financiamento \u2013 imobili\u00e1rio, consignado, automotivo e cr\u00e9dito direto ao consumidor (CDC), os entrevistados indicaram mudan\u00e7as. Aumentou o n\u00famero dos que t\u00eam planos de financiar um im\u00f3vel, de 33% para 43%.<\/p>\n<p>Quanto ao consignado, 33% disseram que iriam recorrer a essa modalidade, mesmo percentual da apura\u00e7\u00e3o anterior. A inten\u00e7\u00e3o de tomar cr\u00e9dito para compra de ve\u00edculo caiu de 36% para 33%. Tamb\u00e9m caiu a parcela dos que planejam conseguir recursos por meio do CDC, de 32% para 24%.<\/p>\n<p>Em outro quesito do question\u00e1rio em que o objetivo foi levantar se o entrevistado tem d\u00edvidas, 69% responderam que sim, taxa maior do que a apurada na sondagem do ano passado, 66%. Quanto ao tipo de d\u00edvidas, diminuiu a parcela dos que devem ao cart\u00e3o de cr\u00e9dito, de 73% para 70%. Tamb\u00e9m houve redu\u00e7\u00e3o da parcela com d\u00e9bitos por meio de carn\u00eas (de 31% para 30%); no caso dos financiamentos de carro (de 21% para 19%) e de leasing (de 4% para 3%).<\/p>\n<p>Em sentido contr\u00e1rio, subiu o total dos entrevistados com opera\u00e7\u00f5es de CDC em andamento, de 14% para 15%. Aumentou tamb\u00e9m o percentual dos que citaram outros tipos de d\u00edvidas (de 17% para 19%).<\/p>\n<p>Na enquete sobre a percep\u00e7\u00e3o em torno da seguran\u00e7a no emprego nos pr\u00f3ximos meses, n\u00e3o houve altera\u00e7\u00e3o sobre o comportamento registrado em outubro de 2015. Permaneceu em 36% o total do grupo dos otimistas, que acreditam que continuar\u00e3o ocupando o atual posto, assim como a parcela dos que temem perder a vaga.<\/p>\n<p>A pesquisa tamb\u00e9m apurou que 36% estavam desempregados, mesmo percentual da \u00faltima sondagem. Paralelamente, diminuiu de 86% para 84% o grupo que prev\u00ea aumento no desemprego e passou de 16% para 14%, o total dos que esperam o contr\u00e1rio disso.<\/p>\n<p>A sondagem mostra ainda uma gradativa eleva\u00e7\u00e3o no sentimento de piora quanto \u00e0 situa\u00e7\u00e3o do pa\u00eds. Na primeira pesquisa, em 2014, 12% classificaram a situa\u00e7\u00e3o do pa\u00eds como ruim ou p\u00e9ssima, taxa que subiu para 29%, em abril do ano passado; 31% em julho; 39% em outubro e 46% em mar\u00e7o deste ano. Entre os que consideram a situa\u00e7\u00e3o \u00f3tima ou boa, o \u00edndice caiu de 17%, em 2014 para 7% em abril de 2015; caiu para 4%, em julho do ano passado; permaneceu est\u00e1vel em 4% em outubro e voltou a declinar para 3% em mar\u00e7o deste ano. A parcela que considera a situa\u00e7\u00e3o regular passou de 44%, em 2014 para 37%, em 2016.<\/p>\n<p>Crise pol\u00edtica<\/p>\n<p>Para a diretora de Desenvolvimento de Neg\u00f3cios da TNS, Elizabeth Salmeir\u00e3o, o resultado da pesquisa reflete um comportamento de incerteza provocada pela instabilidade pol\u00edtica do pa\u00eds. \u201cUma vez que h\u00e1 incerteza, as decis\u00f5es s\u00e3o postergadas\u201d, disse Elizabeth. Falta \u00e0 popula\u00e7\u00e3o confian\u00e7a na condu\u00e7\u00e3o da pol\u00edtica econ\u00f4mica e existe temor quanto \u00e0 manuten\u00e7\u00e3o dos empregos.<\/p>\n<p>O presidente da Acrefi, \u00c9rico Ferreira, destacou que n\u00e3o existe previsibilidade no pa\u00eds. Isso, para Ferreira, \u00e9 fruto do atual cen\u00e1rio em torno do processo de impeachment da presidenta Dilma Rousseff, em curso na C\u00e2mara dos Deputados.<\/p>\n<p>Ele observou que, mesmo que ocorra o afastamento da presidenta, as d\u00favidas ainda persistir\u00e3o, devido aos questionamentos que poderiam ser feitos aos sucessores, o vice-presidente Michel Temer, e o presidente da C\u00e2mara dos Deputados, Eduardo Cunha PMDB-RJ), ambos sujeitos a responder a processos de impedimentos nos cargos.<\/p>\n<p>Ferreira reconhece que a prud\u00eancia do consumidor em adiar decis\u00f5es tem um lado positivo no sentido pessoal, mas ressalta que a falta de consumo \u201ctem um efeito p\u00e9ssimo para a economia\u201d. Segundo Ferreira, o grande problema \u00e9 o desemprego e a falta de confian\u00e7a por causa do atual quadro pol\u00edtico.<\/p>\n<p>Tamb\u00e9m presente ao an\u00fancio dos resultados da pesquisa, o presidente da TNS, James Conrad, informou que em contatos com dirigentes de empresas multinacionais, p\u00f4de notar que eles esperam por mudan\u00e7as com melhoria dos resultados econ\u00f4micos a partir de 2018.<\/p>\n<p>Conrad destacou que, em momentos de crise, tamb\u00e9m s\u00e3o criadas oportunidades de investimentos, como mostram experi\u00eancias no Brasil, nos Estados Unidos e no Canad\u00e1 e em pa\u00edses europeus. Ele estima que, atualmente, cerca de 20% das companhias demonstram crescimento das atividades.<\/p>\n<p>Marli Moreira \u2013 Rep\u00f3rter da Ag\u00eancia Brasil<br \/>\nEdi\u00e7\u00e3o: N\u00e1dia Franco<br \/>\n17\/04\/2016<\/p>\n","protected":false},"excerpt":{"rendered":"<p>A maioria dos consumidores brasileiros est\u00e1 cautelosa com opera\u00e7\u00f5es que podem resultar em endividamento, revela pesquisa divulgada pela Associa\u00e7\u00e3o Nacional das Institui\u00e7\u00f5es de Cr\u00e9dito, Financiamento e Investimento (Acrefi), feita em conjunto com a TNS Brasil, empresa global de pesquisa de mercado. O levantamento, o quinto do g\u00eanero, re\u00fane informa\u00e7\u00f5es coletadas em entrevistas com mil pessoas [&hellip;]<\/p>\n","protected":false},"author":2,"featured_media":57584,"comment_status":"open","ping_status":"closed","sticky":false,"template":"","format":"standard","meta":{"_genesis_hide_title":false,"_genesis_hide_breadcrumbs":false,"_genesis_hide_singular_image":false,"_genesis_hide_footer_widgets":false,"_genesis_custom_body_class":"","_genesis_custom_post_class":"","_genesis_layout":"","_jetpack_memberships_contains_paid_content":false,"footnotes":""},"categories":[22,7],"tags":[],"class_list":{"0":"post-84523","1":"post","2":"type-post","3":"status-publish","4":"format-standard","5":"has-post-thumbnail","7":"category-brasil","8":"category-economia","9":"entry","10":"gs-1","11":"gs-odd","12":"gs-even","13":"gs-featured-content-entry"},"jetpack_featured_media_url":"https:\/\/www.redenoticia.com.br\/noticia\/imagens\/economia-grafica-analise-inflacao.jpg","jetpack_sharing_enabled":true,"jetpack_likes_enabled":true,"_links":{"self":[{"href":"https:\/\/www.redenoticia.com.br\/noticia\/wp-json\/wp\/v2\/posts\/84523","targetHints":{"allow":["GET"]}}],"collection":[{"href":"https:\/\/www.redenoticia.com.br\/noticia\/wp-json\/wp\/v2\/posts"}],"about":[{"href":"https:\/\/www.redenoticia.com.br\/noticia\/wp-json\/wp\/v2\/types\/post"}],"author":[{"embeddable":true,"href":"https:\/\/www.redenoticia.com.br\/noticia\/wp-json\/wp\/v2\/users\/2"}],"replies":[{"embeddable":true,"href":"https:\/\/www.redenoticia.com.br\/noticia\/wp-json\/wp\/v2\/comments?post=84523"}],"version-history":[{"count":0,"href":"https:\/\/www.redenoticia.com.br\/noticia\/wp-json\/wp\/v2\/posts\/84523\/revisions"}],"wp:featuredmedia":[{"embeddable":true,"href":"https:\/\/www.redenoticia.com.br\/noticia\/wp-json\/wp\/v2\/media\/57584"}],"wp:attachment":[{"href":"https:\/\/www.redenoticia.com.br\/noticia\/wp-json\/wp\/v2\/media?parent=84523"}],"wp:term":[{"taxonomy":"category","embeddable":true,"href":"https:\/\/www.redenoticia.com.br\/noticia\/wp-json\/wp\/v2\/categories?post=84523"},{"taxonomy":"post_tag","embeddable":true,"href":"https:\/\/www.redenoticia.com.br\/noticia\/wp-json\/wp\/v2\/tags?post=84523"}],"curies":[{"name":"wp","href":"https:\/\/api.w.org\/{rel}","templated":true}]}}