{"id":84521,"date":"2016-04-18T00:09:22","date_gmt":"2016-04-18T03:09:22","guid":{"rendered":"http:\/\/www.redenoticia.com.br\/noticia\/?p=84521"},"modified":"2016-04-18T00:12:58","modified_gmt":"2016-04-18T03:12:58","slug":"fmi-china-brasil-e-russia-prejudicaram-o-crescimento-dos-paises-emergentes","status":"publish","type":"post","link":"https:\/\/www.redenoticia.com.br\/noticia\/2016\/fmi-china-brasil-e-russia-prejudicaram-o-crescimento-dos-paises-emergentes\/84521","title":{"rendered":"FMI: China, Brasil e R\u00fassia prejudicaram o crescimento dos pa\u00edses emergentes"},"content":{"rendered":"<p> O crescimento menor da China e a recess\u00e3o profunda no Brasil e na R\u00fassia foram apontados, pelo Fundo Monet\u00e1rio Internacional (FMI), como causas do baixo crescimento global das <strong><em>economias emergentes<\/em><\/strong>, sobretudo de outubro do ano passado at\u00e9 o momento. A situa\u00e7\u00e3o atual contrasta com a lideran\u00e7a exercida pelas na\u00e7\u00f5es emergentes, em termos de expans\u00e3o econ\u00f4mica mundial, no per\u00edodo posterior a 2008.<\/p>\n<p>Em entrevista durante a abertura dos encontros de primavera do FMI e do Banco Mundial Primavera, a diretora do Fundo, Christine Lagarde, chamou a aten\u00e7\u00e3o para a ado\u00e7\u00e3o de uma agenda de pol\u00edtica global, destinada a propiciar o retorno do crescimento. A agenda prev\u00ea uma combina\u00e7\u00e3o de pol\u00edticas estruturais, fiscais e monet\u00e1rias. Segundo Christine Lagarde, a economia global est\u00e1 se expandindo moderadamente mas a perspectiva se enfraqueceu ainda mais desde outubro do ano passado e, para piorar, \u201cos riscos t\u00eam aumentado\u201d.<\/p>\n<p>De acordo com a diretora do FMI, n\u00e3o \u00e9 apenas o crescimento lento, durante tanto tempo, que tem prejudicado os pa\u00edses. Para a diretora, o que prejudica os pa\u00edses \u00e9 o conjunto de fatos decorrentes do baixo crescimento, que produz o aumento de riscos para as economias. A solu\u00e7\u00e3o do problema requer \u201ca\u00e7\u00f5es decisivas\u201d dos governos para elevar os padr\u00f5es de vida, reduzir o desemprego e recuperar os n\u00edveis de d\u00edvidas internas e externas adequadas para cada pa\u00eds.<\/p>\n<p>A boa not\u00edcia, conforme disse Christine Lagarde, \u00e9 o registro de alguma melhoria nos pre\u00e7os do petr\u00f3leo. Outro fato positivo mencionado pela diretora do Fundo \u00e9 a redu\u00e7\u00e3o de press\u00f5es especulativas do mercado financeiro sobre a China. Se esses fatos forem consistentes, segundo disse, a economia global pode voltar a uma rota mais forte e segura. \u201cTudo depende de uma combina\u00e7\u00e3o de pol\u00edticas dos pa\u00edses\u201d, afirmou.<\/p>\n<p>Jos\u00e9 Romildo \u2013 Correspondente da Ag\u00eancia Brasil<br \/>\nEdi\u00e7\u00e3o: Jorge Wamburg<br \/>\n17\/04\/2016<\/p>\n","protected":false},"excerpt":{"rendered":"<p>O crescimento menor da China e a recess\u00e3o profunda no Brasil e na R\u00fassia foram apontados, pelo Fundo Monet\u00e1rio Internacional (FMI), como causas do baixo crescimento global das economias emergentes, sobretudo de outubro do ano passado at\u00e9 o momento. A situa\u00e7\u00e3o atual contrasta com a lideran\u00e7a exercida pelas na\u00e7\u00f5es emergentes, em termos de expans\u00e3o econ\u00f4mica [&hellip;]<\/p>\n","protected":false},"author":2,"featured_media":57583,"comment_status":"open","ping_status":"closed","sticky":false,"template":"","format":"standard","meta":{"_genesis_hide_title":false,"_genesis_hide_breadcrumbs":false,"_genesis_hide_singular_image":false,"_genesis_hide_footer_widgets":false,"_genesis_custom_body_class":"","_genesis_custom_post_class":"","_genesis_layout":"","_jetpack_memberships_contains_paid_content":false,"footnotes":""},"categories":[22,7],"tags":[],"class_list":{"0":"post-84521","1":"post","2":"type-post","3":"status-publish","4":"format-standard","5":"has-post-thumbnail","7":"category-brasil","8":"category-economia","9":"entry","10":"gs-1","11":"gs-odd","12":"gs-even","13":"gs-featured-content-entry"},"jetpack_featured_media_url":"https:\/\/www.redenoticia.com.br\/noticia\/imagens\/economia-grafico.jpg","jetpack_sharing_enabled":true,"jetpack_likes_enabled":true,"_links":{"self":[{"href":"https:\/\/www.redenoticia.com.br\/noticia\/wp-json\/wp\/v2\/posts\/84521","targetHints":{"allow":["GET"]}}],"collection":[{"href":"https:\/\/www.redenoticia.com.br\/noticia\/wp-json\/wp\/v2\/posts"}],"about":[{"href":"https:\/\/www.redenoticia.com.br\/noticia\/wp-json\/wp\/v2\/types\/post"}],"author":[{"embeddable":true,"href":"https:\/\/www.redenoticia.com.br\/noticia\/wp-json\/wp\/v2\/users\/2"}],"replies":[{"embeddable":true,"href":"https:\/\/www.redenoticia.com.br\/noticia\/wp-json\/wp\/v2\/comments?post=84521"}],"version-history":[{"count":0,"href":"https:\/\/www.redenoticia.com.br\/noticia\/wp-json\/wp\/v2\/posts\/84521\/revisions"}],"wp:featuredmedia":[{"embeddable":true,"href":"https:\/\/www.redenoticia.com.br\/noticia\/wp-json\/wp\/v2\/media\/57583"}],"wp:attachment":[{"href":"https:\/\/www.redenoticia.com.br\/noticia\/wp-json\/wp\/v2\/media?parent=84521"}],"wp:term":[{"taxonomy":"category","embeddable":true,"href":"https:\/\/www.redenoticia.com.br\/noticia\/wp-json\/wp\/v2\/categories?post=84521"},{"taxonomy":"post_tag","embeddable":true,"href":"https:\/\/www.redenoticia.com.br\/noticia\/wp-json\/wp\/v2\/tags?post=84521"}],"curies":[{"name":"wp","href":"https:\/\/api.w.org\/{rel}","templated":true}]}}