{"id":84420,"date":"2016-04-15T10:19:51","date_gmt":"2016-04-15T13:19:51","guid":{"rendered":"http:\/\/www.redenoticia.com.br\/noticia\/?p=84420"},"modified":"2016-04-14T20:22:03","modified_gmt":"2016-04-14T23:22:03","slug":"instituicoes-financeiras-estimam-deficit-do-governo-central-em-r-10045-bilhoes","status":"publish","type":"post","link":"https:\/\/www.redenoticia.com.br\/noticia\/2016\/instituicoes-financeiras-estimam-deficit-do-governo-central-em-r-10045-bilhoes\/84420","title":{"rendered":"Institui\u00e7\u00f5es financeiras estimam d\u00e9ficit do Governo Central em R$ 100,45 bilh\u00f5es"},"content":{"rendered":"<p> Institui\u00e7\u00f5es financeiras consultadas pelo Minist\u00e9rio da Fazenda estimam que o <em><strong>resultado prim\u00e1rio do Governo<\/strong><\/em> Central (Tesouro Nacional, Previd\u00eancia Social e Banco Central) termine o ano com d\u00e9ficit de R$ 100,450 bilh\u00f5es. Na pesquisa anterior, divulgada em mar\u00e7o, o d\u00e9ficit previsto era R$ 79,473 bilh\u00f5es.<\/p>\n<p>A proje\u00e7\u00e3o consta da quinta edi\u00e7\u00e3o da pesquisa Prisma Fiscal, elaborada pela Secretaria de Pol\u00edtica Econ\u00f4mica do Minist\u00e9rio da Fazenda, com base em informa\u00e7\u00f5es de 30 institui\u00e7\u00f5es financeiras. O estudo foi divulgado em Bras\u00edlia. Para 2017, a estimativa de d\u00e9ficit passou de R$ 71,329 bilh\u00f5es para resultado negativo de R$ 103,514 bilh\u00f5es.<\/p>\n<p>A proje\u00e7\u00e3o para a arrecada\u00e7\u00e3o federal neste ano caiu de R$ 1,285 trilh\u00e3o para R$ 1,278 trilh\u00e3o. Para 2017, a estimativa foi reduzida de R$ 1,388 trilh\u00e3o para R$ 1,377 trilh\u00e3o.<\/p>\n<p>Para a receita l\u00edquida do Governo Central a estimativa \u00e9 R$ 1,093 trilh\u00e3o este ano e R$ 1,159 trilh\u00e3o, no pr\u00f3ximo ano. Para as despesas, a expectativa \u00e9 R$ 1,194 trilh\u00e3o neste ano e R$ 1,279 trilh\u00e3o, em 2017.<\/p>\n<p>A pesquisa apresenta tamb\u00e9m a proje\u00e7\u00e3o para a d\u00edvida bruta do Governo Central, que na avalia\u00e7\u00e3o das institui\u00e7\u00f5es financeiras, deve passar de 74,15% do Produto Interno Bruto (PIB) para 74,35% este ano. Para 2017, a estimativa mudou de 78,75% para 80% do PIB<\/p>\n<p>Daniel Lima \u2013 Rep\u00f3rter da Ag\u00eancia Brasil<br \/>\nEdi\u00e7\u00e3o: Denise Griesinger<br \/>\n15\/04\/2016<\/p>\n","protected":false},"excerpt":{"rendered":"<p>Institui\u00e7\u00f5es financeiras consultadas pelo Minist\u00e9rio da Fazenda estimam que o resultado prim\u00e1rio do Governo Central (Tesouro Nacional, Previd\u00eancia Social e Banco Central) termine o ano com d\u00e9ficit de R$ 100,450 bilh\u00f5es. Na pesquisa anterior, divulgada em mar\u00e7o, o d\u00e9ficit previsto era R$ 79,473 bilh\u00f5es. A proje\u00e7\u00e3o consta da quinta edi\u00e7\u00e3o da pesquisa Prisma Fiscal, elaborada [&hellip;]<\/p>\n","protected":false},"author":2,"featured_media":57582,"comment_status":"open","ping_status":"closed","sticky":false,"template":"","format":"standard","meta":{"_genesis_hide_title":false,"_genesis_hide_breadcrumbs":false,"_genesis_hide_singular_image":false,"_genesis_hide_footer_widgets":false,"_genesis_custom_body_class":"","_genesis_custom_post_class":"","_genesis_layout":"","_jetpack_memberships_contains_paid_content":false,"footnotes":""},"categories":[22,7],"tags":[],"class_list":{"0":"post-84420","1":"post","2":"type-post","3":"status-publish","4":"format-standard","5":"has-post-thumbnail","7":"category-brasil","8":"category-economia","9":"entry","10":"gs-1","11":"gs-odd","12":"gs-even","13":"gs-featured-content-entry"},"jetpack_featured_media_url":"https:\/\/www.redenoticia.com.br\/noticia\/imagens\/grafico1.jpg","jetpack_sharing_enabled":true,"jetpack_likes_enabled":true,"_links":{"self":[{"href":"https:\/\/www.redenoticia.com.br\/noticia\/wp-json\/wp\/v2\/posts\/84420","targetHints":{"allow":["GET"]}}],"collection":[{"href":"https:\/\/www.redenoticia.com.br\/noticia\/wp-json\/wp\/v2\/posts"}],"about":[{"href":"https:\/\/www.redenoticia.com.br\/noticia\/wp-json\/wp\/v2\/types\/post"}],"author":[{"embeddable":true,"href":"https:\/\/www.redenoticia.com.br\/noticia\/wp-json\/wp\/v2\/users\/2"}],"replies":[{"embeddable":true,"href":"https:\/\/www.redenoticia.com.br\/noticia\/wp-json\/wp\/v2\/comments?post=84420"}],"version-history":[{"count":0,"href":"https:\/\/www.redenoticia.com.br\/noticia\/wp-json\/wp\/v2\/posts\/84420\/revisions"}],"wp:featuredmedia":[{"embeddable":true,"href":"https:\/\/www.redenoticia.com.br\/noticia\/wp-json\/wp\/v2\/media\/57582"}],"wp:attachment":[{"href":"https:\/\/www.redenoticia.com.br\/noticia\/wp-json\/wp\/v2\/media?parent=84420"}],"wp:term":[{"taxonomy":"category","embeddable":true,"href":"https:\/\/www.redenoticia.com.br\/noticia\/wp-json\/wp\/v2\/categories?post=84420"},{"taxonomy":"post_tag","embeddable":true,"href":"https:\/\/www.redenoticia.com.br\/noticia\/wp-json\/wp\/v2\/tags?post=84420"}],"curies":[{"name":"wp","href":"https:\/\/api.w.org\/{rel}","templated":true}]}}