{"id":84418,"date":"2016-04-15T10:18:48","date_gmt":"2016-04-15T13:18:48","guid":{"rendered":"http:\/\/www.redenoticia.com.br\/noticia\/?p=84418"},"modified":"2016-04-14T20:19:43","modified_gmt":"2016-04-14T23:19:43","slug":"pesquisa-diz-que-inflacao-pelo-igp-10-fica-em-04-em-abril","status":"publish","type":"post","link":"https:\/\/www.redenoticia.com.br\/noticia\/2016\/pesquisa-diz-que-inflacao-pelo-igp-10-fica-em-04-em-abril\/84418","title":{"rendered":"Pesquisa diz que infla\u00e7\u00e3o pelo IGP-10 fica em 0,4% em abril"},"content":{"rendered":"<p> A <em><strong>infla\u00e7\u00e3o<\/strong><\/em>, medida pelo \u00cdndice Geral de Pre\u00e7os &#8211; 10 (IGP-10), ficou em 0,4%, em abril deste ano. A taxa \u00e9 menor que as de mar\u00e7o deste ano (0,58%) e abril de 2015 (1,27%). O IGP-10 acumula 3,25% no ano e 10,82% nos \u00faltimos 12 meses, segundo a Funda\u00e7\u00e3o Getulio Vargas (FGV).<\/p>\n<p>A queda na taxa entre mar\u00e7o e abril deste ano foi provocada por infla\u00e7\u00f5es mais moderadas no atacado e no varejo. O \u00cdndice de Pre\u00e7os ao Produtor Amplo, que mede o atacado, caiu de 0,56% em mar\u00e7o para 0,35% em abril. O \u00cdndice de Pre\u00e7os ao Consumidor, que analisa o varejo, recuou de 0,61% em mar\u00e7o para 0,43% em abril.<\/p>\n<p>O \u00cdndice Nacional de Custo da Constru\u00e7\u00e3o, outro sub\u00edndice do IGP-10, aumentou de 0,6% para 0,67% no per\u00edodo. O IGP-10 \u00e9 medido com base em pre\u00e7os calculados entre os dias 11 do m\u00eas anterior e 10 do m\u00eas de refer\u00eancia.<\/p>\n<p>Vitor Abdala \u2013 Rep\u00f3rter da Ag\u00eancia Brasil<br \/>\nEdi\u00e7\u00e3o: Kleber Sampaio<br \/>\n15\/04\/2016<br \/>\n&#8212;<br \/>\nA Empresa Brasil de Comunica\u00e7\u00e3o \u00e9 uma institui\u00e7\u00e3o da democracia brasileira: p\u00fablica, inclusiva e cidad\u00e3.  Criada em 2007 para fortalecer o sistema p\u00fablico de comunica\u00e7\u00e3o, \u00e9 gestora dos canais TV Brasil, TV Brasil Internacional, Ag\u00eancia Brasil, Radioag\u00eancia Nacional e do sistema p\u00fablico de R\u00e1dio \u2013 composto por oito emissoras. Estes, por sua independ\u00eancia editorial, distinguem-se dos canais estatais ou governamentais, com conte\u00fados diferenciados e complementares aos canais privados. Os ve\u00edculos da EBC t\u00eam autonomia para definir produ\u00e7\u00e3o, programa\u00e7\u00e3o e distribui\u00e7\u00e3o de conte\u00fados.<\/p>\n","protected":false},"excerpt":{"rendered":"<p>A infla\u00e7\u00e3o, medida pelo \u00cdndice Geral de Pre\u00e7os &#8211; 10 (IGP-10), ficou em 0,4%, em abril deste ano. A taxa \u00e9 menor que as de mar\u00e7o deste ano (0,58%) e abril de 2015 (1,27%). O IGP-10 acumula 3,25% no ano e 10,82% nos \u00faltimos 12 meses, segundo a Funda\u00e7\u00e3o Getulio Vargas (FGV). A queda na [&hellip;]<\/p>\n","protected":false},"author":2,"featured_media":57584,"comment_status":"open","ping_status":"closed","sticky":false,"template":"","format":"standard","meta":{"_genesis_hide_title":false,"_genesis_hide_breadcrumbs":false,"_genesis_hide_singular_image":false,"_genesis_hide_footer_widgets":false,"_genesis_custom_body_class":"","_genesis_custom_post_class":"","_genesis_layout":"","_jetpack_memberships_contains_paid_content":false,"footnotes":""},"categories":[22,7],"tags":[],"class_list":{"0":"post-84418","1":"post","2":"type-post","3":"status-publish","4":"format-standard","5":"has-post-thumbnail","7":"category-brasil","8":"category-economia","9":"entry","10":"gs-1","11":"gs-odd","12":"gs-even","13":"gs-featured-content-entry"},"jetpack_featured_media_url":"https:\/\/www.redenoticia.com.br\/noticia\/imagens\/economia-grafica-analise-inflacao.jpg","jetpack_sharing_enabled":true,"jetpack_likes_enabled":true,"_links":{"self":[{"href":"https:\/\/www.redenoticia.com.br\/noticia\/wp-json\/wp\/v2\/posts\/84418","targetHints":{"allow":["GET"]}}],"collection":[{"href":"https:\/\/www.redenoticia.com.br\/noticia\/wp-json\/wp\/v2\/posts"}],"about":[{"href":"https:\/\/www.redenoticia.com.br\/noticia\/wp-json\/wp\/v2\/types\/post"}],"author":[{"embeddable":true,"href":"https:\/\/www.redenoticia.com.br\/noticia\/wp-json\/wp\/v2\/users\/2"}],"replies":[{"embeddable":true,"href":"https:\/\/www.redenoticia.com.br\/noticia\/wp-json\/wp\/v2\/comments?post=84418"}],"version-history":[{"count":0,"href":"https:\/\/www.redenoticia.com.br\/noticia\/wp-json\/wp\/v2\/posts\/84418\/revisions"}],"wp:featuredmedia":[{"embeddable":true,"href":"https:\/\/www.redenoticia.com.br\/noticia\/wp-json\/wp\/v2\/media\/57584"}],"wp:attachment":[{"href":"https:\/\/www.redenoticia.com.br\/noticia\/wp-json\/wp\/v2\/media?parent=84418"}],"wp:term":[{"taxonomy":"category","embeddable":true,"href":"https:\/\/www.redenoticia.com.br\/noticia\/wp-json\/wp\/v2\/categories?post=84418"},{"taxonomy":"post_tag","embeddable":true,"href":"https:\/\/www.redenoticia.com.br\/noticia\/wp-json\/wp\/v2\/tags?post=84418"}],"curies":[{"name":"wp","href":"https:\/\/api.w.org\/{rel}","templated":true}]}}