{"id":84416,"date":"2016-04-15T10:17:31","date_gmt":"2016-04-15T13:17:31","guid":{"rendered":"http:\/\/www.redenoticia.com.br\/noticia\/?p=84416"},"modified":"2016-04-14T20:18:44","modified_gmt":"2016-04-14T23:18:44","slug":"com-previsao-de-aumento-da-area-colhida-producao-de-cana-deve-crescer-38","status":"publish","type":"post","link":"https:\/\/www.redenoticia.com.br\/noticia\/2016\/com-previsao-de-aumento-da-area-colhida-producao-de-cana-deve-crescer-38\/84416","title":{"rendered":"Com previs\u00e3o de aumento da \u00e1rea colhida, produ\u00e7\u00e3o de cana deve crescer 3,8%"},"content":{"rendered":"<p> A <em><strong>safra 2016\/2017 de cana-de-a\u00e7\u00facar<\/strong><\/em> no Brasil dever\u00e1 chegar a 691 milh\u00f5es de toneladas, um aumento de 3,8% em rela\u00e7\u00e3o \u00e0 anterior, quando foram colhidas 665,6 milh\u00f5es de toneladas, de acordo com o primeiro levantamento feito pela Companhia Nacional de Abastecimento (Conab).<\/p>\n<p>Segundo a Conab, a varia\u00e7\u00e3o se deve ao crescimento da \u00e1rea colhida, de 5,4%. A \u00e1rea colhida dever\u00e1 ser de cerca de 9 milh\u00f5es de hectares, com aumento de 468,2 mil hectares em rela\u00e7\u00e3o \u00e0 \u00faltima safra, quando ocupou 8,6 milh\u00f5es de hectares. Se confirmada, esta ser\u00e1 a maior \u00e1rea colhida no pa\u00eds.<\/p>\n<p>A Conab estima o aumento da produ\u00e7\u00e3o de a\u00e7\u00facar em 12% em rela\u00e7\u00e3o \u00e0 safra anterior (33,4 milh\u00f5es de toneladas ), baseada na expectativa de evolu\u00e7\u00e3o da \u00e1rea colhida, podendo chegar a 37,5 milh\u00f5es de toneladas. Por outro lado, a produ\u00e7\u00e3o de etanol total ser\u00e1 de 30,3 bilh\u00f5es de litros, com redu\u00e7\u00e3o de 0,4% ou 121 milh\u00f5es de litros a menos que na safra anterior, quando foram produzidos 30,4 bilh\u00f5es de litros.<\/p>\n<p>O etanol anidro, utilizado na mistura com a gasolina, ter\u00e1 aumento de 4,7% ou 528 milh\u00f5es de litros, passando de 11,2 bilh\u00f5es para 11,7 bilh\u00f5es de litros. Para o etanol hidratado, utilizado nos ve\u00edculos flex, a produ\u00e7\u00e3o \u00e9 de 18,6 bilh\u00f5es de litros, com redu\u00e7\u00e3o de 3,4% (649 milh\u00f5es de litros) quando comparada com a da safra anterior, de 19,2 bilh\u00f5es.<\/p>\n<p>Safra 2015\/16<\/p>\n<p>O quarto e \u00faltimo levantamento da Safra 2015\/16 de cana-de-a\u00e7\u00facar, tamb\u00e9m divulgado pela Conab, mostra que a produ\u00e7\u00e3o chegou a 665,6 milh\u00f5es de toneladas, um crescimento de 4,9% em rela\u00e7\u00e3o \u00e0 safra 2014\/15. A \u00e1rea cultivada chegou a 8,6 milh\u00f5es de hectares, reduzida em 3,9%.<\/p>\n<p>No caso da produ\u00e7\u00e3o de a\u00e7\u00facar, foram 33,5 milh\u00f5es de toneladas, enquanto o etanol total chegou a 30,5 bilh\u00f5es de litros. J\u00e1 o hidratado alcan\u00e7ou 19,3 bilh\u00f5es de litros e o anidro teve redu\u00e7\u00e3o de 4,4%, chegando a 11,2 bilh\u00f5es.<\/p>\n<p>Da Ag\u00eancia Brasil<br \/>\nEdi\u00e7\u00e3o: Gra\u00e7a Adjuto<br \/>\n15\/04\/2016<\/p>\n","protected":false},"excerpt":{"rendered":"<p>A safra 2016\/2017 de cana-de-a\u00e7\u00facar no Brasil dever\u00e1 chegar a 691 milh\u00f5es de toneladas, um aumento de 3,8% em rela\u00e7\u00e3o \u00e0 anterior, quando foram colhidas 665,6 milh\u00f5es de toneladas, de acordo com o primeiro levantamento feito pela Companhia Nacional de Abastecimento (Conab). Segundo a Conab, a varia\u00e7\u00e3o se deve ao crescimento da \u00e1rea colhida, de [&hellip;]<\/p>\n","protected":false},"author":2,"featured_media":57585,"comment_status":"open","ping_status":"closed","sticky":false,"template":"","format":"standard","meta":{"_genesis_hide_title":false,"_genesis_hide_breadcrumbs":false,"_genesis_hide_singular_image":false,"_genesis_hide_footer_widgets":false,"_genesis_custom_body_class":"","_genesis_custom_post_class":"","_genesis_layout":"","_jetpack_memberships_contains_paid_content":false,"footnotes":""},"categories":[22,7],"tags":[],"class_list":{"0":"post-84416","1":"post","2":"type-post","3":"status-publish","4":"format-standard","5":"has-post-thumbnail","7":"category-brasil","8":"category-economia","9":"entry","10":"gs-1","11":"gs-odd","12":"gs-even","13":"gs-featured-content-entry"},"jetpack_featured_media_url":"https:\/\/www.redenoticia.com.br\/noticia\/imagens\/analise-economia.jpg","jetpack_sharing_enabled":true,"jetpack_likes_enabled":true,"_links":{"self":[{"href":"https:\/\/www.redenoticia.com.br\/noticia\/wp-json\/wp\/v2\/posts\/84416","targetHints":{"allow":["GET"]}}],"collection":[{"href":"https:\/\/www.redenoticia.com.br\/noticia\/wp-json\/wp\/v2\/posts"}],"about":[{"href":"https:\/\/www.redenoticia.com.br\/noticia\/wp-json\/wp\/v2\/types\/post"}],"author":[{"embeddable":true,"href":"https:\/\/www.redenoticia.com.br\/noticia\/wp-json\/wp\/v2\/users\/2"}],"replies":[{"embeddable":true,"href":"https:\/\/www.redenoticia.com.br\/noticia\/wp-json\/wp\/v2\/comments?post=84416"}],"version-history":[{"count":0,"href":"https:\/\/www.redenoticia.com.br\/noticia\/wp-json\/wp\/v2\/posts\/84416\/revisions"}],"wp:featuredmedia":[{"embeddable":true,"href":"https:\/\/www.redenoticia.com.br\/noticia\/wp-json\/wp\/v2\/media\/57585"}],"wp:attachment":[{"href":"https:\/\/www.redenoticia.com.br\/noticia\/wp-json\/wp\/v2\/media?parent=84416"}],"wp:term":[{"taxonomy":"category","embeddable":true,"href":"https:\/\/www.redenoticia.com.br\/noticia\/wp-json\/wp\/v2\/categories?post=84416"},{"taxonomy":"post_tag","embeddable":true,"href":"https:\/\/www.redenoticia.com.br\/noticia\/wp-json\/wp\/v2\/tags?post=84416"}],"curies":[{"name":"wp","href":"https:\/\/api.w.org\/{rel}","templated":true}]}}