{"id":84345,"date":"2016-04-16T22:26:36","date_gmt":"2016-04-17T01:26:36","guid":{"rendered":"http:\/\/www.redenoticia.com.br\/noticia\/?p=84345"},"modified":"2016-04-17T01:27:39","modified_gmt":"2016-04-17T04:27:39","slug":"impeachment-cronograma-e-votos-na-camara-dos-deputados","status":"publish","type":"post","link":"https:\/\/www.redenoticia.com.br\/noticia\/2016\/impeachment-cronograma-e-votos-na-camara-dos-deputados\/84345","title":{"rendered":"Impeachment: cronograma e ordem dos votos na C\u00e2mara dos Deputados"},"content":{"rendered":"<p> Em nova decis\u00e3o, lida em Plen\u00e1rio pelo 1\u00ba secret\u00e1rio da C\u00e2mara, deputado Beto Mansur (PRB-SP), o presidente da Casa, Eduardo Cunha, reviu a ordem de chamada dos deputados a ser adotada para voto, em Plen\u00e1rio, do pedido de abertura de processo de impeachment contra a presidente da Rep\u00fablica, Dilma Rousseff, por crime de responsabilidade.<\/p>\n<p>A nova decis\u00e3o determina que os deputados ser\u00e3o chamados para declarar oralmente seus votos a favor ou contra o pedido come\u00e7ando por um estado da Regi\u00e3o Norte e, em altern\u00e2ncia, seguido por um estado da Regi\u00e3o Sul e vice-versa, continuando-se assim, sucessivamente, passando pelos demais estados.<\/p>\n<p>A ordem de chamada dos estados ser\u00e1 a seguinte: Roraima, Rio Grande do Sul, Santa Catarina, Amap\u00e1, Par\u00e1, Paran\u00e1, Mato Grosso do Sul, Amazonas, Rond\u00f4nia, Goi\u00e1s, Distrito Federal, Acre, Tocantins, Mato Grosso, S\u00e3o Paulo, Maranh\u00e3o, Cear\u00e1, Rio de Janeiro, Esp\u00edrito Santo, Piau\u00ed, Rio Grande do Norte, Minas Gerais, Para\u00edba, Pernambuco, Bahia, Sergipe e Alagoas. Dentro de cada estado, a chamada de deputados ser\u00e1 feita por ordem alfab\u00e9tica.<\/p>\n<p>Lista na ordem de vota\u00e7\u00e3o:<\/p>\n<p>Roraima<br \/>\nABEL MESQUITA JR. (DEM)<br \/>\nCARLOS ANDRADE (PHS)<br \/>\nEDIO LOPES (PR)<br \/>\nHIRAN GON\u00c7ALVES (PP)<br \/>\nJHONATAN DE JESUS (PRB)<br \/>\nMARIA HELENA (PSB)<br \/>\nREM\u00cdDIO MONAI (PR)<br \/>\nSH\u00c9RIDAN (PSDB)<\/p>\n<p>Rio Grande do Sul<br \/>\nAFONSO HAMM (PP)<br \/>\nAFONSO MOTTA (PDT)<br \/>\nALCEU MOREIRA (PMDB)<br \/>\nBOHN GASS (PT)<br \/>\nCARLOS GOMES (PRB)<br \/>\nCOVATTI FILHO (PP)<br \/>\nDANRLEI DE DEUS HINTERHOLZ (PSD)<br \/>\nDARC\u00cdSIO PERONDI (PMDB)<br \/>\nGIOVANI CHERINI (PDT)<br \/>\nHEITOR SCHUCH (PSB)<br \/>\nHENRIQUE FONTANA (PT)<br \/>\nJER\u00d4NIMO GOERGEN (PP)<br \/>\nJO\u00c3O DERLY (REDE)<br \/>\nJOS\u00c9 FOGA\u00c7A* (PMDB)<br \/>\nJOS\u00c9 OT\u00c1VIO GERMANO (PP)<br \/>\nJOSE ST\u00c9DILE (PSB)<br \/>\nLUIS CARLOS HEINZE (PP)<br \/>\nLUIZ CARLOS BUSATO (PTB)<br \/>\nMARCO MAIA (PT)<br \/>\nMARCON (PT)<br \/>\nMARIA DO ROS\u00c1RIO (PT)<br \/>\nMAURO PEREIRA* (PMDB)<br \/>\nNELSON MARCHEZAN JUNIOR (PSDB)<br \/>\nONYX LORENZONI (DEM)<br \/>\nOSMAR TERRA (PMDB)<br \/>\nPAULO PIMENTA (PT)<br \/>\nPEPE VARGAS (PT)<br \/>\nPOMPEO DE MATTOS (PDT)<br \/>\nRENATO MOLLING (PP)<br \/>\nRONALDO NOGUEIRA (PTB)<br \/>\nS\u00c9RGIO MORAES (PTB)<\/p>\n<p>Santa Catarina<br \/>\nCARMEN ZANOTTO (PPS)<br \/>\nCELSO MALDANER (PMDB)<br \/>\nCESAR SOUZA (PSD)<br \/>\nD\u00c9CIO LIMA (PT)<br \/>\nESPERIDI\u00c3O AMIN (PP)<br \/>\nGEOVANIA DE S\u00c1 (PSDB)<br \/>\nJO\u00c3O PAULO KLEIN\u00dcBING (PSD)<br \/>\nJO\u00c3O RODRIGUES (PSD)<br \/>\nJORGE BOEIRA (PP)<br \/>\nJORGINHO MELLO (PR)<br \/>\nMARCO TEBALDI (PSDB)<br \/>\nMAURO MARIANI (PMDB)<br \/>\nPEDRO UCZAI (PT)<br \/>\nROG\u00c9RIO PENINHA MENDON\u00c7A (PMDB)<br \/>\nRONALDO BENEDET (PMDB)<br \/>\nVALDIR COLATTO (PMDB)<\/p>\n<p>Amap\u00e1<br \/>\nANDR\u00c9 ABDON (PP)<br \/>\nCABU\u00c7U BORGES (PMDB)<br \/>\nJANETE CAPIBERIBE (PSB)<br \/>\nJOZI ARA\u00daJO (PTN)<br \/>\nMARCOS REATEGUI (PSD)<br \/>\nPROFESSORA MARCIVANIA (Pcdob)<br \/>\nROBERTO G\u00d3ES (PDT)<br \/>\nVINICIUS GURGEL (PR)<\/p>\n<p>Par\u00e1<br \/>\nARNALDO JORDY (PPS)<br \/>\nBETO FARO (PT)<br \/>\nBETO SALAME (PP)<br \/>\nDELEGADO \u00c9DER MAURO (PSD)<br \/>\nEDMILSON RODRIGUES (PSOL)<br \/>\nELCIONE BARBALHO (PMDB)<br \/>\nFRANCISCO CHAPADINHA (PTN)<br \/>\nH\u00c9LIO LEITE (DEM)<br \/>\nJOAQUIM PASSARINHO (PSD)<br \/>\nJOS\u00c9 PRIANTE (PMDB)<br \/>\nJOSU\u00c9 BENGTSON (PTB)<br \/>\nJ\u00daLIA MARINHO (PSC)<br \/>\nL\u00daCIO VALE (PR)<br \/>\nNILSON PINTO (PSDB)<br \/>\nSIMONE MORGADO (PMDB)<br \/>\nWLADIMIR COSTA (SD)<br \/>\nZ\u00c9 GERALDO (PT)<br \/>\nParan\u00e1<br \/>\nALEX CANZIANI (PTB)<br \/>\nALFREDO KAEFER (PSL)<br \/>\nALIEL MACHADO (REDE)<br \/>\nASSIS DO COUTO (PDT)<br \/>\nCHRISTIANE DE SOUZA YARED (PR)<br \/>\nDIEGO GARCIA (PHS)<br \/>\nDILCEU SPERAFICO (PP)<br \/>\nENIO VERRI (PT)<br \/>\nEVANDRO ROMAN (PSD)<br \/>\nFERNANDO FRANCISCHINI (SD)<br \/>\nGIACOBO (PR)<br \/>\nHERMES PARCIANELLO (PMDB)<br \/>\nJO\u00c3O ARRUDA (PMDB)<br \/>\nLEANDRE (PV)<br \/>\nLEOPOLDO MEYER (PSB)<br \/>\nLUCIANO DUCCI (PSB)<br \/>\nLUIZ CARLOS HAULY (PSDB)<br \/>\nLUIZ NISHIMORI (PR)<br \/>\nMARCELO BELINATI (PP)<br \/>\nNELSON MEURER (PP)<br \/>\nNELSON PADOVANI* (PSDB)<br \/>\nOSMAR SERRAGLIO (PMDB)<br \/>\nPAULO MARTINS* (PSDB)<br \/>\nRICARDO BARROS (PP)<br \/>\nRUBENS BUENO (PPS)<br \/>\nSANDRO ALEX (PSD)<br \/>\nSERGIO SOUZA (PMDB)<br \/>\nTAKAYAMA (PSC)<br \/>\nTONINHO WANDSCHEER (PROS)<br \/>\nZECA DIRCEU (PT)<\/p>\n<p>Mato Grosso do Sul<br \/>\nCARLOS MARUN (PMDB)<br \/>\nDAGOBERTO (PDT)<br \/>\nELIZEU DIONIZIO* (PSDB)<br \/>\nGERALDO RESENDE (PSDB)<br \/>\nMANDETTA (DEM)<br \/>\nTEREZA CRISTINA (PSB)<br \/>\nVANDER LOUBET (PT)<br \/>\nZECA DO PT (PT)<\/p>\n<p>Amazonas <\/p>\n<p>ALFREDO NASCIMENTO (PR)<br \/>\nARTHUR VIRG\u00cdLIO BISNETO (PSDB)<br \/>\n\u00c1TILA LINS (PSD)<br \/>\nCONCEI\u00c7\u00c3O SAMPAIO (PP)<br \/>\nHISSA ABRAH\u00c3O (PDT)<br \/>\nMARCOS ROTTA (PMDB)<br \/>\nPAUDERNEY AVELINO (DEM)<br \/>\nSILAS C\u00c2MARA (PRB)<\/p>\n<p>Rond\u00f4nia<br \/>\nEXPEDITO NETTO (PSD)<br \/>\nLINDOMAR GAR\u00c7ON (PRB)<br \/>\nLUCIO MOSQUINI (PMDB)<br \/>\nLUIZ CL\u00c1UDIO (PR)<br \/>\nMARCOS ROG\u00c9RIO (DEM)<br \/>\nMARIANA CARVALHO (PSDB)<br \/>\nMARINHA RAUPP (PMDB)<br \/>\nNILTON CAPIXABA (PTB)<\/p>\n<p>Goi\u00e1s<br \/>\nALEXANDRE BALDY (PTN)<br \/>\nC\u00c9LIO SILVEIRA (PSDB)<br \/>\nDANIEL VILELA (PMDB)<br \/>\nDELEGADO WALDIR (PR)<br \/>\nF\u00c1BIO SOUSA (PSDB)<br \/>\nFL\u00c1VIA MORAIS (PDT)<br \/>\nGIUSEPPE VECCI (PSDB)<br \/>\nHEULER CRUVINEL (PSD)<br \/>\nJO\u00c3O CAMPOS (PRB)<br \/>\nJOVAIR ARANTES (PTB)<br \/>\nLUCAS VERGILIO (SD)<br \/>\nMAGDA MOFATTO (PR)<br \/>\nMARCOS ABR\u00c3O (PPS)<br \/>\nPEDRO CHAVES (PMDB)<br \/>\nROBERTO BALESTRA (PP)<br \/>\nRUBENS OTONI (PT)<br \/>\nTHIAGO PEIXOTO (PSD)<\/p>\n<p>Distrito Federal<br \/>\nALBERTO FRAGA (DEM)<br \/>\nAUGUSTO CARVALHO (SD)<br \/>\nERIKA KOKAY (PT)<br \/>\nIZALCI (PSDB)<br \/>\nLAERTE BESSA (PR)<br \/>\nROG\u00c9RIO ROSSO (PSD)<br \/>\nRONALDO FONSECA (PROS)<br \/>\nR\u00d4NEY NEMER (PP)<\/p>\n<p>Acre<br \/>\nALAN RICK (PRB)<br \/>\nANGELIM (PT)<br \/>\nC\u00c9SAR MESSIAS (PSB)<br \/>\nFLAVIANO MELO (PMDB)<br \/>\nJ\u00c9SSICA SALES (PMDB)<br \/>\nLEO DE BRITO (PT)<br \/>\nROCHA (PSDB)<br \/>\nSIB\u00c1 MACHADO (PT)<\/p>\n<p>Tocantins<br \/>\nCARLOS HENRIQUE GAGUIM (PTN)<br \/>\nC\u00c9SAR HALUM (PRB)<br \/>\nDULCE MIRANDA (PMDB)<br \/>\nIRAJ\u00c1 ABREU (PSD)<br \/>\nJOSI NUNES (PMDB)<br \/>\nL\u00c1ZARO BOTELHO (PP)<br \/>\nPROFESSORA DORINHA SEABRA REZENDE (DEM)<br \/>\nVICENTINHO J\u00daNIOR (PR)<\/p>\n<p>Mato Grosso<br \/>\nADILTON SACHETTI (PSB)<br \/>\nCARLOS BEZERRA (PMDB)<br \/>\nFABIO GARCIA (PSB)<br \/>\nNILSON LEIT\u00c3O (PSDB)<br \/>\nPROFESSOR VICT\u00d3RIO GALLI (PSC)<br \/>\nS\u00c1GUAS MORAES (PT)<br \/>\nTAMPINHA* (PSD)<br \/>\nVALTENIR PEREIRA (PMDB)<\/p>\n<p>S\u00e3o Paulo<br \/>\nALEX MANENTE (PPS)<br \/>\nALEXANDRE LEITE (DEM)<br \/>\nANA PERUGINI (PT)<br \/>\nANDRES SANCHEZ (PT)<br \/>\nANTONIO BULH\u00d5ES (PRB)<br \/>\nARLINDO CHINAGLIA (PT)<br \/>\nARNALDO FARIA DE S\u00c1 (PTB)<br \/>\nARNALDO JARDIM (PPS)<br \/>\nBALEIA ROSSI (PMDB)<br \/>\nBETO MANSUR (PRB)<br \/>\nBRUNA FURLAN (PSDB)<br \/>\nBRUNO COVAS (PSDB)<br \/>\nCAPIT\u00c3O AUGUSTO (PR)<br \/>\nCARLOS SAMPAIO (PSDB)<br \/>\nCARLOS ZARATTINI (PT)<br \/>\nCELSO RUSSOMANNO (PRB)<br \/>\nDR. SINVAL MALHEIROS (PTN)<br \/>\nDUARTE NOGUEIRA (PSDB)<br \/>\nEDINHO ARA\u00daJO (PMDB)<br \/>\nEDUARDO BOLSONARO (PSC)<br \/>\nEDUARDO CURY (PSDB)<br \/>\nELI CORR\u00caA FILHO (DEM)<br \/>\nEVANDRO GUSSI (PV)<br \/>\nFAUSTO PINATO (PP)<br \/>\nFLAVINHO (PSB)<br \/>\nFLORIANO PESARO (PSDB)<br \/>\nGILBERTO NASCIMENTO (PSC)<br \/>\nGOULART (PSD)<br \/>\nGUILHERME MUSSI (PP)<br \/>\nHERCULANO PASSOS (PSD)<br \/>\nIVAN VALENTE (PSOL)<br \/>\nJEFFERSON CAMPOS (PSD)<br \/>\nJO\u00c3O PAULO PAPA (PSDB)<br \/>\nJORGE TADEU MUDALEN (DEM)<br \/>\nJOS\u00c9 MENTOR (PT)<br \/>\nKEIKO OTA (PSB)<br \/>\nLUIZ LAURO FILHO (PSB)<br \/>\nLUIZA ERUNDINA (PSOL)<br \/>\nMAJOR OLIMPIO (SD)<br \/>\nMARA GABRILLI (PSDB)<br \/>\nMARCELO SQUASSONI (PRB)<br \/>\nMARCIO ALVINO (PR)<br \/>\nMIGUEL HADDAD (PSDB)<br \/>\nMIGUEL LOMBARDI (PR)<br \/>\nMILTON MONTI (PR)<br \/>\nMISSION\u00c1RIO JOS\u00c9 OLIMPIO (DEM)<br \/>\nNELSON MARQUEZELLI (PTB)<br \/>\nNILTO TATTO (PT)<br \/>\nORLANDO SILVA (Pcdob)<br \/>\nPAULO FREIRE (PR)<br \/>\nPAULO MALUF (PP)<br \/>\nPAULO PEREIRA DA SILVA (SD)<br \/>\nPAULO TEIXEIRA (PT)<br \/>\nPR. MARCO FELICIANO (PSC)<br \/>\nRENATA ABREU (PTN)<br \/>\nRICARDO IZAR (PP)<br \/>\nRICARDO TRIPOLI (PSDB)<br \/>\nROBERTO ALVES (PRB)<br \/>\nROBERTO DE LUCENA (PV)<br \/>\nRODRIGO GARCIA (DEM)<br \/>\nSAMUEL MOREIRA (PSDB)<br \/>\nS\u00c9RGIO REIS (PRB)<br \/>\nSILVIO TORRES (PSDB)<br \/>\nTIRIRICA (PR)<br \/>\nVALMIR PRASCIDELLI (PT)<br \/>\nVANDERLEI MACRIS (PSDB)<br \/>\nVICENTE CANDIDO (PT)<br \/>\nVICENTINHO (PT)<br \/>\nVINICIUS CARVALHO (PRB)<br \/>\nVITOR LIPPI (PSDB)<\/p>\n<p>Maranh\u00e3o<br \/>\nALBERTO FILHO (PMDB)<br \/>\nALUISIO MENDES (PTN)<br \/>\nANDR\u00c9 FUFUCA (PP)<br \/>\nCLEBER VERDE (PRB)<br \/>\nELIZIANE GAMA (PPS)<br \/>\nHILDO ROCHA (PMDB)<br \/>\nJO\u00c3O CASTELO (PSDB)<br \/>\nJO\u00c3O MARCELO SOUZA (PMDB)<br \/>\nJOS\u00c9 REINALDO (PSB)<br \/>\nJUNIOR MARRECA (PEN)<br \/>\nJUSCELINO FILHO (DEM)<br \/>\nPEDRO FERNANDES (PTB)<br \/>\nRUBENS PEREIRA J\u00daNIOR (Pcdob)<br \/>\nSARNEY FILHO (PV)<br \/>\nVICTOR MENDES (PSD)<br \/>\nWALDIR MARANH\u00c3O (PP)<br \/>\nWEVERTON ROCHA (PDT)<br \/>\nZ\u00c9 CARLOS (PT)<\/p>\n<p>Cear\u00e1<br \/>\nADAIL CARNEIRO (PP)<br \/>\nAN\u00cdBAL GOMES (PMDB)<br \/>\nARIOSTO HOLANDA* (PDT)<br \/>\nARNON BEZERRA (PTB)<br \/>\nCABO SABINO (PR)<br \/>\nCHICO LOPES (Pcdob)<br \/>\nDANILO FORTE (PSB)<br \/>\nDOMINGOS NETO (PSD)<br \/>\nGENECIAS NORONHA (SD)<br \/>\nGORETE PEREIRA (PR)<br \/>\nJOS\u00c9 AIRTON CIRILO (PT)<br \/>\nJOS\u00c9 GUIMAR\u00c3ES (PT)<br \/>\nLE\u00d4NIDAS CRISTINO (PDT)<br \/>\nLUIZIANNE LINS (PT)<br \/>\nMACEDO (PP)<br \/>\nMORONI TORGAN (DEM)<br \/>\nMOSES RODRIGUES (PMDB)<br \/>\nODORICO MONTEIRO (PROS)<br \/>\nRAIMUNDO GOMES DE MATOS (PSDB)<br \/>\nRONALDO MARTINS (PRB)<br \/>\nVICENTE ARRUDA* (PDT)<br \/>\nVITOR VALIM (PMDB)<\/p>\n<p>Rio de Janeiro<br \/>\nALESSANDRO MOLON (REDE)<br \/>\nALEXANDRE SERFIOTIS (PMDB)<br \/>\nALEXANDRE VALLE (PR)<br \/>\nALTINEU C\u00d4RTES (PMDB)<br \/>\nAROLDE DE OLIVEIRA (PSC)<br \/>\nAUREO (SD)<br \/>\nBENEDITA DA SILVA (PT)<br \/>\nCABO DACIOLO (Ptdob)<br \/>\nCELSO PANSERA (PMDB)<br \/>\nCHICO ALENCAR (PSOL)<br \/>\nCHICO D&#8217;ANGELO (PT)<br \/>\nCLARISSA GAROTINHO (PR)<br \/>\nCRISTIANE BRASIL (PTB)<br \/>\nDELEY (PTB)<br \/>\nDR. JO\u00c3O (PR)<br \/>\nEDUARDO CUNHA (PMDB)<br \/>\nEZEQUIEL TEIXEIRA (PTN)<br \/>\nFELIPE BORNIER (PROS)<br \/>\nFERNANDO JORD\u00c3O (PMDB)<br \/>\nFRANCISCO FLORIANO (DEM)<br \/>\nGLAUBER BRAGA (PSOL)<br \/>\nHUGO LEAL (PSB)<br \/>\nINDIO DA COSTA (PSD)<br \/>\nJAIR BOLSONARO (PSC)<br \/>\nJANDIRA FEGHALI (Pcdob)<br \/>\nJEAN WYLLYS (PSOL)<br \/>\nJULIO LOPES (PP)<br \/>\nLEONARDO PICCIANI (PMDB)<br \/>\nLUIZ CARLOS RAMOS (PTN)<br \/>\nLUIZ S\u00c9RGIO (PT)<br \/>\nMARCELO MATOS (PHS)<br \/>\nMARCO ANT\u00d4NIO CABRAL (PMDB)<br \/>\nMARCOS SOARES (DEM)<br \/>\nMIRO TEIXEIRA (REDE)<br \/>\nOTAVIO LEITE (PSDB)<br \/>\nPAULO FEIJ\u00d3 (PR)<br \/>\nPEDRO PAULO (PMDB)<br \/>\nROBERTO SALES (PRB)<br \/>\nRODRIGO MAIA (DEM)<br \/>\nROSANGELA GOMES (PRB)<br \/>\nSERGIO ZVEITER (PMDB)<br \/>\nSIM\u00c3O SESSIM (PP)<br \/>\nSORAYA SANTOS (PMDB)<br \/>\nS\u00d3STENES CAVALCANTE (DEM)<br \/>\nWADIH DAMOUS* (PT)<br \/>\nWASHINGTON REIS (PMDB)<\/p>\n<p>Esp\u00edrito Santo<br \/>\nCARLOS MANATO (SD)<br \/>\nDR. JORGE SILVA (PHS)<br \/>\nEVAIR DE MELO (PV)<br \/>\nGIVALDO VIEIRA (PT)<br \/>\nHELDER SALOM\u00c3O (PT)<br \/>\nLELO COIMBRA (PMDB)<br \/>\nMARCUS VICENTE (PP)<br \/>\nMAX FILHO (PSDB)<br \/>\nPAULO FOLETTO (PSB)<br \/>\nSERGIO VIDIGAL (PDT)<\/p>\n<p>Piau\u00ed<br \/>\nASSIS CARVALHO (PT)<br \/>\n\u00c1TILA LIRA (PSB)<br \/>\nCAPIT\u00c3O F\u00c1BIO ABREU (PTB)<br \/>\nHER\u00c1CLITO FORTES (PSB)<br \/>\nIRACEMA PORTELLA (PP)<br \/>\nJ\u00daLIO CESAR (PSD)<br \/>\nMARCELO CASTRO (PMDB)<br \/>\nPAES LANDIM (PTB)<br \/>\nREJANE DIAS (PT)<br \/>\nRODRIGO MARTINS (PSB)<\/p>\n<p>Rio Grande do Norte<br \/>\nANT\u00d4NIO J\u00c1COME (PTN)<br \/>\nBETO ROSADO (PP)<br \/>\nF\u00c1BIO FARIA (PSD)<br \/>\nFELIPE MAIA (DEM)<br \/>\nRAFAEL MOTTA (PSB)<br \/>\nROG\u00c9RIO MARINHO (PSDB)<br \/>\nWALTER ALVES (PMDB)<br \/>\nZENAIDE MAIA (PR)<\/p>\n<p>Minas Gerais<br \/>\nADELMO CARNEIRO LE\u00c3O* (PT)<br \/>\nAELTON FREITAS (PR)<br \/>\nBILAC PINTO (PR)<br \/>\nBONIF\u00c1CIO DE ANDRADA (PSDB)<br \/>\nBRUNNY (PR)<br \/>\nCAIO NARCIO (PSDB)<br \/>\nCARLOS MELLES (DEM)<br \/>\nD\u00c2MINA PEREIRA (PSL)<br \/>\nDELEGADO EDSON MOREIRA (PR)<br \/>\nDIEGO ANDRADE (PSD)<br \/>\nDIMAS FABIANO (PP)<br \/>\nDOMINGOS S\u00c1VIO (PSDB)<br \/>\nEDUARDO BARBOSA (PSDB)<br \/>\nEROS BIONDINI (PROS)<br \/>\nF\u00c1BIO RAMALHO (PMDB)<br \/>\nFRANKLIN LIMA (PP)<br \/>\nGABRIEL GUIMAR\u00c3ES (PT)<br \/>\nGEORGE HILTON (PROS)<br \/>\nJAIME MARTINS (PSD)<br \/>\nJ\u00d4 MORAES (Pcdob)<br \/>\nJ\u00daLIO DELGADO (PSB)<br \/>\nLAUDIVIO CARVALHO (SD)<br \/>\nLEONARDO MONTEIRO (PT)<br \/>\nLEONARDO QUINT\u00c3O (PMDB)<br \/>\nLINCOLN PORTELA (PRB)<br \/>\nLUIS TIB\u00c9 (Ptdob)<br \/>\nLUIZ FERNANDO FARIA (PP)<br \/>\nMARCELO \u00c1LVARO ANT\u00d4NIO (PR)<br \/>\nMARCELO ARO (PHS)<br \/>\nMARCOS MONTES (PSD)<br \/>\nMARCUS PESTANA (PSDB)<br \/>\nMARGARIDA SALOM\u00c3O (PT)<br \/>\nM\u00c1RIO HERINGER (PDT)<br \/>\nMAURO LOPES (PMDB)<br \/>\nMIGUEL CORR\u00caA (PT)<br \/>\nMISAEL VARELLA (DEM)<br \/>\nNEWTON CARDOSO JR (PMDB)<br \/>\nODELMO LE\u00c3O (PP)<br \/>\nPADRE JO\u00c3O (PT)<br \/>\nPATRUS ANANIAS (PT)<br \/>\nPAULO ABI-ACKEL (PSDB)<br \/>\nRAQUEL MUNIZ (PSD)<br \/>\nREGINALDO LOPES (PT)<br \/>\nRENZO BRAZ (PP)<br \/>\nRODRIGO DE CASTRO (PSDB)<br \/>\nRODRIGO PACHECO (PMDB)<br \/>\nSARAIVA FELIPE (PMDB)<br \/>\nSTEFANO AGUIAR (PSD)<br \/>\nSUBTENENTE GONZAGA (PDT)<br \/>\nTENENTE L\u00daCIO (PSB)<br \/>\nTONINHO PINHEIRO (PP)<br \/>\nWELITON PRADO (PMB)<br \/>\nZ\u00c9 SILVA (SD)<br \/>\nBahia<br \/>\nAFONSO FLORENCE (PT)<br \/>\nALICE PORTUGAL (Pcdob)<br \/>\nANTONIO BRITO (PSD)<br \/>\nANTONIO IMBASSAHY (PSDB)<br \/>\nARTHUR OLIVEIRA MAIA (PPS)<br \/>\nBACELAR (PTN)<br \/>\nBEBETO (PSB)<br \/>\nBENITO GAMA (PTB)<br \/>\nCAC\u00c1 LE\u00c3O (PP)<br \/>\nCAETANO (PT)<br \/>\nCLAUDIO CAJADO (DEM)<br \/>\nDANIEL ALMEIDA (Pcdob)<br \/>\nDAVIDSON MAGALH\u00c3ES* (PcdoB)<br \/>\nELMAR NASCIMENTO (DEM)<br \/>\nERIVELTON SANTANA (PEN)<br \/>\nF\u00c9LIX MENDON\u00c7A J\u00daNIOR (PDT)<br \/>\nFERNANDO TORRES* (PSD)<br \/>\nIRM\u00c3O LAZARO (PSC)<br \/>\nJO\u00c3O CARLOS BACELAR (PR)<br \/>\nJO\u00c3O GUALBERTO (PSDB)<br \/>\nJORGE SOLLA (PT)<br \/>\nJOS\u00c9 CARLOS ALELUIA (DEM)<br \/>\nJOS\u00c9 CARLOS ARA\u00daJO (PR)<br \/>\nJOS\u00c9 NUNES (PSD)<br \/>\nJOS\u00c9 ROCHA (PR)<br \/>\nJUTAHY JUNIOR (PSDB)<br \/>\nLUCIO VIEIRA LIMA (PMDB)<br \/>\nM\u00c1RCIO MARINHO (PRB)<br \/>\nM\u00c1RIO NEGROMONTE JR. (PP)<br \/>\nMOEMA GRAMACHO (PT)<br \/>\nPAULO AZI (DEM)<br \/>\nPAULO MAGALH\u00c3ES (PSD)<br \/>\nROBERTO BRITTO (PP)<br \/>\nRONALDO CARLETTO (PP)<br \/>\nS\u00c9RGIO BRITO (PSD)<br \/>\nTIA ERON (PRB)<br \/>\nULDURICO JUNIOR (PV)<br \/>\nVALMIR ASSUN\u00c7\u00c3O (PT)<br \/>\nWALDENOR PEREIRA (PT)<br \/>\nPara\u00edba<br \/>\nAGUINALDO RIBEIRO (PP)<br \/>\nBENJAMIN MARANH\u00c3O (SD)<br \/>\nDAMI\u00c3O FELICIANO (PDT)<br \/>\nEFRAIM FILHO (DEM)<br \/>\nHUGO MOTTA (PMDB)<br \/>\nLUIZ COUTO (PT)<br \/>\nMANOEL JUNIOR (PMDB)<br \/>\nPEDRO CUNHA LIMA (PSDB)<br \/>\nR\u00d4MULO GOUVEIA (PSD)<br \/>\nVENEZIANO VITAL DO R\u00caGO (PMDB)<br \/>\nWELLINGTON ROBERTO (PR)<br \/>\nWILSON FILHO (PTB)<\/p>\n<p>Pernambuco<br \/>\nADALBERTO CAVALCANTI (PTB)<br \/>\nANDERSON FERREIRA (PR)<br \/>\nANDR\u00c9 DE PAULA (PSD)<br \/>\nAUGUSTO COUTINHO* (SD)<br \/>\nBETINHO GOMES (PSDB)<br \/>\nBRUNO ARA\u00daJO (PSDB)<br \/>\nDANIEL COELHO (PSDB)<br \/>\nDANILO CABRAL (PSB)<br \/>\nEDUARDO DA FONTE (PP)<br \/>\nFERNANDO COELHO FILHO (PSB)<br \/>\nGONZAGA PATRIOTA (PSB)<br \/>\nJARBAS VASCONCELOS (PMDB)<br \/>\nJO\u00c3O FERNANDO COUTINHO (PSB)<br \/>\nJORGE C\u00d4RTE REAL (PTB)<br \/>\nKAIO MANI\u00c7OBA (PMDB)<br \/>\nLUCIANA SANTOS (Pcdob)<br \/>\nMARINALDO ROSENDO (PSB)<br \/>\nMENDON\u00c7A FILHO (DEM)<br \/>\nPASTOR EURICO (PHS)<br \/>\nRICARDO TEOBALDO (PTN)<br \/>\nSEBASTI\u00c3O OLIVEIRA (PR)<br \/>\nSILVIO COSTA (Ptdob)<br \/>\nTADEU ALENCAR (PSB)<br \/>\nWOLNEY QUEIROZ (PDT)<br \/>\nZECA CAVALCANTI (PTB)<\/p>\n<p>Sergipe<br \/>\nADELSON BARRETO (PR)<br \/>\nANDRE MOURA (PSC)<br \/>\nF\u00c1BIO MITIDIERI (PSD)<br \/>\nFABIO REIS (PMDB)<br \/>\nJO\u00c3O DANIEL (PT)<br \/>\nJONY MARCOS (PRB)<br \/>\nLAERCIO OLIVEIRA (SD)<br \/>\nVALADARES FILHO (PSB)<\/p>\n<p>Alagoas<br \/>\nARTHUR LIRA (PP)<br \/>\nC\u00cdCERO ALMEIDA (PMDB)<br \/>\nGIVALDO CARIMB\u00c3O (PHS)<br \/>\nJHC (PSB)<br \/>\nMARX BELTR\u00c3O (PMDB)<br \/>\nMAUR\u00cdCIO QUINTELLA LESSA (PR)<br \/>\nPAUL\u00c3O (PT)<br \/>\nPEDRO VILELA (PSDB)<br \/>\nRONALDO LESSA (PDT)<br \/>\n* Os deputados assinalados s\u00e3o suplentes em exerc\u00edcio.<\/p>\n<p>Interpreta\u00e7\u00e3o do Regimento<br \/>\nCunha justificou a decis\u00e3o argumentando que a melhor op\u00e7\u00e3o \u00e9 interpretar o Regimento Interno, segundo o qual \u201ca vota\u00e7\u00e3o nominal ser\u00e1 feita pela chamada dos deputados, alternadamente, do Norte para o Sul e vice-versa, (&#8230;).\u201d Ele explicou que pessoalmente sempre teve esse entendimento, mas que havia seguido, na sua decis\u00e3o de quarta-feira (13), a tradi\u00e7\u00e3o da Casa como crit\u00e9rio.<\/p>\n<p>Em sua nova decis\u00e3o desta quinta-feira, Cunha deixa de considerar como jurisprud\u00eancia outras vota\u00e7\u00f5es por chamada nominal ocorridas em 2001 e 2005. \u201cA primeira premissa equivocada [da \u00faltima decis\u00e3o] foi considerar essas vota\u00e7\u00f5es como par\u00e2metro\u201d, disse o presidente.<\/p>\n<p>Fonte Ag\u00eancia C\u00e2mara e G1<\/p>\n<p>&#8212;<\/p>\n<p>Cronograma<\/p>\n<p>Na sexta-feira (15), os trabalhos ser\u00e3o abertos com a fala dos autores da den\u00fancia e a manifesta\u00e7\u00e3o da defesa da presidenta Dilma Rousseff. Ser\u00e1 concedido prazo de 25 minutos para ambas as partes. Depois disso, cada um dos 25 partidos com representa\u00e7\u00e3o na C\u00e2mara e os l\u00edderes da maioria e da minoria ter\u00e3o uma hora para discuss\u00e3o. Esse tempo poder\u00e1 ser dividido com at\u00e9 cinco parlamentares, independentemente do tamanho da bancada.<\/p>\n<p>S\u00e1bado<\/p>\n<p>Pelo cronograma, ser\u00e3o necess\u00e1rias, pelo menos, 28 horas para a discuss\u00e3o inicial. Com isso, a discuss\u00e3o iniciada na sexta poder\u00e1 se prolongar at\u00e9 as 13h de s\u00e1bado (16), ultrapassando o hor\u00e1rio previsto por Cunha para in\u00edcio da sess\u00e3o deste dia, 11h. Os trabalhos no s\u00e1bado come\u00e7am com a fala dos deputados que se inscreverem no dia anterior (de 9h \u00e0s 11h) para discutir o relat\u00f3rio. No s\u00e1bado, todos os l\u00edderes ter\u00e3o direito a falar por suas bancadas pelo tempo correspondente ao tamanho das bancadas.<\/p>\n<p>A cada nova sess\u00e3o, os l\u00edderes ter\u00e3o direito a usar da palavra conforme prev\u00ea o regimento da Casa. A inten\u00e7\u00e3o do presidente da C\u00e2mara \u00e9 encerrar os debates no s\u00e1bado. Cada um dos deputados inscritos ter\u00e1 direito a 3 minutos de fala. Se os 513 optarem por discursar, ser\u00e3o gastos 1.539 minutos, o equivalente a quase 26 horas.<\/p>\n<p>Com in\u00edcio previsto para as 11h de s\u00e1bado, se n\u00e3o houver interrup\u00e7\u00f5es, essa fase dever\u00e1 durar at\u00e9 as 13h de domingo.<\/p>\n<p>Domingo<\/p>\n<p>Pelo cronograma definido, no domingo, a sess\u00e3o ser\u00e1 iniciada \u00e0s 14h, com a fala dos l\u00edderes partid\u00e1rios. Em seguida, os representantes dos partidos ter\u00e3o 10 segundos para fazer o encaminhamento e orienta\u00e7\u00e3o da vota\u00e7\u00e3o.<\/p>\n<p>Ivan Richard &#8211; Rep\u00f3rter da Ag\u00eancia Brasil<br \/>\nEdi\u00e7\u00e3o: Juliana Andrade<br \/>\n14\/04\/2016<\/p>\n","protected":false},"excerpt":{"rendered":"<p>Em nova decis\u00e3o, lida em Plen\u00e1rio pelo 1\u00ba secret\u00e1rio da C\u00e2mara, deputado Beto Mansur (PRB-SP), o presidente da Casa, Eduardo Cunha, reviu a ordem de chamada dos deputados a ser adotada para voto, em Plen\u00e1rio, do pedido de abertura de processo de impeachment contra a presidente da Rep\u00fablica, Dilma Rousseff, por crime de responsabilidade. A [&hellip;]<\/p>\n","protected":false},"author":2,"featured_media":34796,"comment_status":"open","ping_status":"closed","sticky":false,"template":"","format":"standard","meta":{"_genesis_hide_title":false,"_genesis_hide_breadcrumbs":false,"_genesis_hide_singular_image":false,"_genesis_hide_footer_widgets":false,"_genesis_custom_body_class":"","_genesis_custom_post_class":"","_genesis_layout":"","_jetpack_memberships_contains_paid_content":false,"footnotes":""},"categories":[22],"tags":[],"class_list":{"0":"post-84345","1":"post","2":"type-post","3":"status-publish","4":"format-standard","5":"has-post-thumbnail","7":"category-brasil","8":"entry","9":"gs-1","10":"gs-odd","11":"gs-even","12":"gs-featured-content-entry"},"jetpack_featured_media_url":"https:\/\/www.redenoticia.com.br\/noticia\/imagens\/dilma-foto-wilson-dias-abr.jpg","jetpack_sharing_enabled":true,"jetpack_likes_enabled":true,"_links":{"self":[{"href":"https:\/\/www.redenoticia.com.br\/noticia\/wp-json\/wp\/v2\/posts\/84345","targetHints":{"allow":["GET"]}}],"collection":[{"href":"https:\/\/www.redenoticia.com.br\/noticia\/wp-json\/wp\/v2\/posts"}],"about":[{"href":"https:\/\/www.redenoticia.com.br\/noticia\/wp-json\/wp\/v2\/types\/post"}],"author":[{"embeddable":true,"href":"https:\/\/www.redenoticia.com.br\/noticia\/wp-json\/wp\/v2\/users\/2"}],"replies":[{"embeddable":true,"href":"https:\/\/www.redenoticia.com.br\/noticia\/wp-json\/wp\/v2\/comments?post=84345"}],"version-history":[{"count":0,"href":"https:\/\/www.redenoticia.com.br\/noticia\/wp-json\/wp\/v2\/posts\/84345\/revisions"}],"wp:featuredmedia":[{"embeddable":true,"href":"https:\/\/www.redenoticia.com.br\/noticia\/wp-json\/wp\/v2\/media\/34796"}],"wp:attachment":[{"href":"https:\/\/www.redenoticia.com.br\/noticia\/wp-json\/wp\/v2\/media?parent=84345"}],"wp:term":[{"taxonomy":"category","embeddable":true,"href":"https:\/\/www.redenoticia.com.br\/noticia\/wp-json\/wp\/v2\/categories?post=84345"},{"taxonomy":"post_tag","embeddable":true,"href":"https:\/\/www.redenoticia.com.br\/noticia\/wp-json\/wp\/v2\/tags?post=84345"}],"curies":[{"name":"wp","href":"https:\/\/api.w.org\/{rel}","templated":true}]}}