{"id":84343,"date":"2016-04-14T10:13:01","date_gmt":"2016-04-14T13:13:01","guid":{"rendered":"http:\/\/www.redenoticia.com.br\/noticia\/?p=84343"},"modified":"2016-04-13T21:14:33","modified_gmt":"2016-04-14T00:14:33","slug":"ibge-diz-que-volume-de-servicos-cai-4-em-fevereiro","status":"publish","type":"post","link":"https:\/\/www.redenoticia.com.br\/noticia\/2016\/ibge-diz-que-volume-de-servicos-cai-4-em-fevereiro\/84343","title":{"rendered":"IBGE diz que volume de servi\u00e7os cai 4% em fevereiro"},"content":{"rendered":"<p> O <strong><em>volume de servi\u00e7os<\/em><\/strong> no pa\u00eds teve uma queda de 4% em fevereiro deste ano, na compara\u00e7\u00e3o com o mesmo per\u00edodo de 2015. Segundo dados da Pesquisa Mensal de Servi\u00e7os (PMS), divulgados pelo Instituto Brasileiro de Geografia e Estat\u00edstica (IBGE), os servi\u00e7os acumulam queda de 4,5% no ano e de 3,7% no per\u00edodo de 12 meses. O recuo de 4% em fevereiro deste ano foi o pior desempenho dos servi\u00e7os em meses de fevereiro desde o in\u00edcio da s\u00e9rie hist\u00f3rica em 2012.<\/p>\n<p>J\u00e1 a receita nominal dos servi\u00e7os apresentou altas de 1,9% na compara\u00e7\u00e3o entre fevereiro deste ano com o fevereiro de 2015, de 0,9% no acumulado do ano e de 1,2% no acumulado de 12 meses. A receita nominal n\u00e3o reajusta os valores de acordo com a infla\u00e7\u00e3o.<\/p>\n<p>A queda de 4% do volume de servi\u00e7os em fevereiro \u00faltimo foi percebida em cinco dos seis segmentos avaliados pela pesquisa do IBGE. Os maiores recuos foram observados em outros servi\u00e7os (-6,1%) e servi\u00e7os de informa\u00e7\u00e3o e comunica\u00e7\u00e3o (-5,3%).<\/p>\n<p>Tamb\u00e9m tiveram quedas os segmentos de servi\u00e7os profissionais, administrativos e complementares (-4,3%), transportes, servi\u00e7os auxiliares de transporte e correios (-2%) e servi\u00e7os prestados \u00e0s fam\u00edlias (-1,4%). A \u00fanica alta foi registrada no agregado especial de atividades tur\u00edsticas, com crescimento de 1,3%.<\/p>\n<p>Vitor Abdala \u2013 Rep\u00f3rter da Ag\u00eancia Brasil<br \/>\nEdi\u00e7\u00e3o: Kleber Sampaio<br \/>\n14\/04\/2016<\/p>\n","protected":false},"excerpt":{"rendered":"<p>O volume de servi\u00e7os no pa\u00eds teve uma queda de 4% em fevereiro deste ano, na compara\u00e7\u00e3o com o mesmo per\u00edodo de 2015. Segundo dados da Pesquisa Mensal de Servi\u00e7os (PMS), divulgados pelo Instituto Brasileiro de Geografia e Estat\u00edstica (IBGE), os servi\u00e7os acumulam queda de 4,5% no ano e de 3,7% no per\u00edodo de 12 [&hellip;]<\/p>\n","protected":false},"author":2,"featured_media":57583,"comment_status":"open","ping_status":"closed","sticky":false,"template":"","format":"standard","meta":{"_genesis_hide_title":false,"_genesis_hide_breadcrumbs":false,"_genesis_hide_singular_image":false,"_genesis_hide_footer_widgets":false,"_genesis_custom_body_class":"","_genesis_custom_post_class":"","_genesis_layout":"","_jetpack_memberships_contains_paid_content":false,"footnotes":""},"categories":[22,7],"tags":[],"class_list":{"0":"post-84343","1":"post","2":"type-post","3":"status-publish","4":"format-standard","5":"has-post-thumbnail","7":"category-brasil","8":"category-economia","9":"entry","10":"gs-1","11":"gs-odd","12":"gs-even","13":"gs-featured-content-entry"},"jetpack_featured_media_url":"https:\/\/www.redenoticia.com.br\/noticia\/imagens\/economia-grafico.jpg","jetpack_sharing_enabled":true,"jetpack_likes_enabled":true,"_links":{"self":[{"href":"https:\/\/www.redenoticia.com.br\/noticia\/wp-json\/wp\/v2\/posts\/84343","targetHints":{"allow":["GET"]}}],"collection":[{"href":"https:\/\/www.redenoticia.com.br\/noticia\/wp-json\/wp\/v2\/posts"}],"about":[{"href":"https:\/\/www.redenoticia.com.br\/noticia\/wp-json\/wp\/v2\/types\/post"}],"author":[{"embeddable":true,"href":"https:\/\/www.redenoticia.com.br\/noticia\/wp-json\/wp\/v2\/users\/2"}],"replies":[{"embeddable":true,"href":"https:\/\/www.redenoticia.com.br\/noticia\/wp-json\/wp\/v2\/comments?post=84343"}],"version-history":[{"count":0,"href":"https:\/\/www.redenoticia.com.br\/noticia\/wp-json\/wp\/v2\/posts\/84343\/revisions"}],"wp:featuredmedia":[{"embeddable":true,"href":"https:\/\/www.redenoticia.com.br\/noticia\/wp-json\/wp\/v2\/media\/57583"}],"wp:attachment":[{"href":"https:\/\/www.redenoticia.com.br\/noticia\/wp-json\/wp\/v2\/media?parent=84343"}],"wp:term":[{"taxonomy":"category","embeddable":true,"href":"https:\/\/www.redenoticia.com.br\/noticia\/wp-json\/wp\/v2\/categories?post=84343"},{"taxonomy":"post_tag","embeddable":true,"href":"https:\/\/www.redenoticia.com.br\/noticia\/wp-json\/wp\/v2\/tags?post=84343"}],"curies":[{"name":"wp","href":"https:\/\/api.w.org\/{rel}","templated":true}]}}