{"id":84267,"date":"2016-04-13T10:36:53","date_gmt":"2016-04-13T13:36:53","guid":{"rendered":"http:\/\/www.redenoticia.com.br\/noticia\/?p=84267"},"modified":"2016-04-12T19:39:21","modified_gmt":"2016-04-12T22:39:21","slug":"cni-revisa-projecao-de-queda-da-economia-para-31","status":"publish","type":"post","link":"https:\/\/www.redenoticia.com.br\/noticia\/2016\/cni-revisa-projecao-de-queda-da-economia-para-31\/84267","title":{"rendered":"CNI revisa proje\u00e7\u00e3o de queda da economia para 3,1%"},"content":{"rendered":"<p> A Confedera\u00e7\u00e3o Nacional da Ind\u00fastria (CNI) revisou para baixo as previs\u00f5es para o desempenho da economia brasileira este ano. A estimativa de queda do <strong><em>Produto Interno Bruto<\/em><\/strong> (PIB) \u2013 a soma de todas as riquezas produzidas pelo pa\u00eds &#8211; passou de 2,6%, na proje\u00e7\u00e3o divulgada no fim de 2015 para 3,1%, segundo o Informe Conjuntural do primeiro trimestre de 2016.<\/p>\n<p>A proje\u00e7\u00e3o para o PIB industrial foi alterada de queda de 4,5% para 5% no terceiro ano consecutivo de retra\u00e7\u00e3o da ind\u00fastria. Pela previs\u00e3o da CNI, os investimentos encolher\u00e3o 13,5%, o consumo das fam\u00edlias diminuir\u00e1 4,4% e o desemprego atingir\u00e1 11,5% da popula\u00e7\u00e3o.<\/p>\n<p>A CNI avalia que \u201ca domin\u00e2ncia de um ambiente de incerteza pol\u00edtica &#8211; geradora de instabilidade econ\u00f4mica e baixa confian\u00e7a dos agentes &#8211; mant\u00e9m a economia brasileira em forte recess\u00e3o&#8221;.<\/p>\n<p>Para a CNI, a recupera\u00e7\u00e3o da economia depende de um ajuste fiscal permanente e de medidas que restabele\u00e7am a confian\u00e7a dos agentes econ\u00f4micos. &#8220;Sem essa a\u00e7\u00e3o coordenada, a crise ir\u00e1 se estender por prazo insustent\u00e1vel para as empresas e a sociedade&#8221;, diz a CNI.<\/p>\n<p>Contas p\u00fablicas<\/p>\n<p>A previs\u00e3o de d\u00e9ficit prim\u00e1rio &#8211; valor dos gastos do governo que superam a arrecada\u00e7\u00e3o &#8211; alcan\u00e7ar\u00e1 R$ 100 milh\u00f5es, segundo a CNI. &#8220;A magnitude dos d\u00e9ficits dos \u00faltimos dois anos, aliada a um pesado servi\u00e7o da d\u00edvida e \u00e0 recess\u00e3o, determinam uma trajet\u00f3ria da rela\u00e7\u00e3o d\u00edvida\/PIB crescente e preocupante&#8221;, alerta o Informe Conjuntural. As estimativas indicam que a d\u00edvida l\u00edquida do setor p\u00fablico alcan\u00e7ar\u00e1 72,9% do PIB.<\/p>\n<p>No entanto, h\u00e1 alguns sinais positivos no horizonte, diz a CNI. Um \u00e9 a recupera\u00e7\u00e3o dos saldos positivos na balan\u00e7a comercial brasileira, influenciada pela desvaloriza\u00e7\u00e3o do real frente ao d\u00f3lar. A balan\u00e7a comercial brasileira deve fechar o ano com um super\u00e1vit de US$ 42 bilh\u00f5es, resultado da queda das importa\u00e7\u00f5es e da retra\u00e7\u00e3o menos intensa das exporta\u00e7\u00f5es. A CNI prev\u00ea que as exporta\u00e7\u00f5es somar\u00e3o US$ 192 bilh\u00f5es e importa\u00e7\u00f5es, US$ 150 bilh\u00f5es.<\/p>\n<p>A Confedera\u00e7\u00e3o Nacional da Ind\u00fastria tamb\u00e9m destaca a desacelera\u00e7\u00e3o da infla\u00e7\u00e3o. Embora o \u00cdndice de Pre\u00e7os ao Consumidor Amplo (IPCA) acumule alta de 2,6% no ano e de 9,4% nos 12 meses encerrados em mar\u00e7o, a tend\u00eancia \u00e9 que as press\u00f5es inflacion\u00e1rias diminuam com a desacelera\u00e7\u00e3o dos pre\u00e7os administrados e a queda do consumo e da produ\u00e7\u00e3o. O IPCA fechar\u00e1 2016 em 7,1%, inferior aos 10,7% registrados em 2015.<\/p>\n<p>Na avalia\u00e7\u00e3o da CNI, a queda da infla\u00e7\u00e3o e a recess\u00e3o permitir\u00e3o a redu\u00e7\u00e3o da taxa b\u00e1sica de juros. A taxa Selic baixar\u00e1 dos atuais 14,25% para 13,75% ao ano, no fim de 2016. A taxa real de juros (descontada a infla\u00e7\u00e3o) ser\u00e1 de 5,2%.<\/p>\n<p>Al\u00e9m disso, a CNI destaca que os estoques de alguns segmentos da ind\u00fastria est\u00e3o se ajustando aos n\u00edveis planejados pelos empres\u00e1rios, o que significa que a economia pode reagir, quando as demandas externa e interna se recuperarem.<\/p>\n<p>Da Ag\u00eancia Brasil<br \/>\nEdi\u00e7\u00e3o: Kleber Sampaio<br \/>\n13\/04\/2016<\/p>\n","protected":false},"excerpt":{"rendered":"<p>A Confedera\u00e7\u00e3o Nacional da Ind\u00fastria (CNI) revisou para baixo as previs\u00f5es para o desempenho da economia brasileira este ano. A estimativa de queda do Produto Interno Bruto (PIB) \u2013 a soma de todas as riquezas produzidas pelo pa\u00eds &#8211; passou de 2,6%, na proje\u00e7\u00e3o divulgada no fim de 2015 para 3,1%, segundo o Informe Conjuntural [&hellip;]<\/p>\n","protected":false},"author":2,"featured_media":57585,"comment_status":"open","ping_status":"closed","sticky":false,"template":"","format":"standard","meta":{"_genesis_hide_title":false,"_genesis_hide_breadcrumbs":false,"_genesis_hide_singular_image":false,"_genesis_hide_footer_widgets":false,"_genesis_custom_body_class":"","_genesis_custom_post_class":"","_genesis_layout":"","_jetpack_memberships_contains_paid_content":false,"footnotes":""},"categories":[22,7],"tags":[],"class_list":{"0":"post-84267","1":"post","2":"type-post","3":"status-publish","4":"format-standard","5":"has-post-thumbnail","7":"category-brasil","8":"category-economia","9":"entry","10":"gs-1","11":"gs-odd","12":"gs-even","13":"gs-featured-content-entry"},"jetpack_featured_media_url":"https:\/\/www.redenoticia.com.br\/noticia\/imagens\/analise-economia.jpg","jetpack_sharing_enabled":true,"jetpack_likes_enabled":true,"_links":{"self":[{"href":"https:\/\/www.redenoticia.com.br\/noticia\/wp-json\/wp\/v2\/posts\/84267","targetHints":{"allow":["GET"]}}],"collection":[{"href":"https:\/\/www.redenoticia.com.br\/noticia\/wp-json\/wp\/v2\/posts"}],"about":[{"href":"https:\/\/www.redenoticia.com.br\/noticia\/wp-json\/wp\/v2\/types\/post"}],"author":[{"embeddable":true,"href":"https:\/\/www.redenoticia.com.br\/noticia\/wp-json\/wp\/v2\/users\/2"}],"replies":[{"embeddable":true,"href":"https:\/\/www.redenoticia.com.br\/noticia\/wp-json\/wp\/v2\/comments?post=84267"}],"version-history":[{"count":0,"href":"https:\/\/www.redenoticia.com.br\/noticia\/wp-json\/wp\/v2\/posts\/84267\/revisions"}],"wp:featuredmedia":[{"embeddable":true,"href":"https:\/\/www.redenoticia.com.br\/noticia\/wp-json\/wp\/v2\/media\/57585"}],"wp:attachment":[{"href":"https:\/\/www.redenoticia.com.br\/noticia\/wp-json\/wp\/v2\/media?parent=84267"}],"wp:term":[{"taxonomy":"category","embeddable":true,"href":"https:\/\/www.redenoticia.com.br\/noticia\/wp-json\/wp\/v2\/categories?post=84267"},{"taxonomy":"post_tag","embeddable":true,"href":"https:\/\/www.redenoticia.com.br\/noticia\/wp-json\/wp\/v2\/tags?post=84267"}],"curies":[{"name":"wp","href":"https:\/\/api.w.org\/{rel}","templated":true}]}}