{"id":84263,"date":"2016-04-13T10:30:29","date_gmt":"2016-04-13T13:30:29","guid":{"rendered":"http:\/\/www.redenoticia.com.br\/noticia\/?p=84263"},"modified":"2016-04-12T19:35:01","modified_gmt":"2016-04-12T22:35:01","slug":"caiado-pede-reforco-na-seguranca-para-votacao-do-impeachment","status":"publish","type":"post","link":"https:\/\/www.redenoticia.com.br\/noticia\/2016\/caiado-pede-reforco-na-seguranca-para-votacao-do-impeachment\/84263","title":{"rendered":"Caiado pede refor\u00e7o na seguran\u00e7a para vota\u00e7\u00e3o do impeachment"},"content":{"rendered":"<p> O senador Ronaldo Caiado (DEM-GO) acionou o governador do Distrito Federal, Rodrigo Rollemberg, e o minist\u00e9rio da Justi\u00e7a, para pedir que eles garantam a seguran\u00e7a e a prote\u00e7\u00e3o de manifestantes no pr\u00f3ximo fim de semana, durante a vota\u00e7\u00e3o do <strong><em>impeachment<\/em><\/strong>. O senador quer a Pol\u00edcia Federal, a Pol\u00edcia Rodovi\u00e1ria Federal e os \u00f3rg\u00e3os de seguran\u00e7a p\u00fablica do Distrito Federal sejam acionados para \u201cgarantir o direito de manifesta\u00e7\u00e3o dos cidad\u00e3os\u201d.<\/p>\n<p>Caiado baseia o pedido nas not\u00edcias veiculadas na imprensa segundo as quais \u201cmovimentos ligados \u00e0 esquerda, em especial o Movimento dos Trabalhadores Sem Terra\u201d, est\u00e3o amea\u00e7ando bloquear rodovias em raz\u00e3o do in\u00edcio da vota\u00e7\u00e3o sobre a instaura\u00e7\u00e3o de processo de impeachment da presidenta Dilma Rousseff. Al\u00e9m disso, ele ressalta a fala do l\u00edder do MST, Jo\u00e3o Pedro St\u00e9dile, que teria dito que \u201csexta-feira vamos parar o Brasil e n\u00e3o vamos trabalhar\u201d.<\/p>\n<p>O senador relata que a Pol\u00edcia Militar do DF prendeu um militante que participava da marcha a favor da presidenta Dilma na Esplanada dos Minist\u00e9rios \u201cportando quantidade expressiva de notas em uma mochila. Questionado sobre a origem dos recursos, n\u00e3o trouxe argumentos para justific\u00e1-la\u201d.<\/p>\n<p>Para Caiado, as not\u00edcias s\u00e3o \u201calarmantes\u201d e deixam \u201cinquietos\u201d os cidad\u00e3os que pretendem se manifestar sobre o impeachment no pr\u00f3ximo fim de semana. \u201cOs cidad\u00e3os que t\u00eam o direito constitucional \u00e0 livre manifesta\u00e7\u00e3o pac\u00edfica est\u00e3o inquietos. \u00c9 preciso coibir a\u00e7\u00f5es que incitem \u00e0 viol\u00eancia, que visem o bloqueio das rodovias que d\u00e3o acesso ao Distrito Federal, bem como as que depredem os meios de transporte, o que, infelizmente, se verificou em manifesta\u00e7\u00f5es do MST\u201d, diz o senador nos of\u00edcios encaminhados \u00e0s duas autoridades.<\/p>\n<p>Em Bras\u00edlia, a Esplanada dos Minist\u00e9rios est\u00e1 preparada para manifesta\u00e7\u00f5es contr\u00e1rias e favor\u00e1veis ao impeachment. Todo o gramado que segue entre os minist\u00e9rios at\u00e9 a frente do Congresso Nacional est\u00e1 dividido ao meio por um alambrado de metal para separar os dois grupos de manifestantes. A Pol\u00edcia Militar dever\u00e1 fazer um cord\u00e3o de isolamento do Congresso para evitar que qualquer pessoa n\u00e3o credenciada se aproxime do pr\u00e9dio.<\/p>\n<p>Mariana Jungmann &#8211; Rep\u00f3rter da Ag\u00eancia Brasil<br \/>\nEdi\u00e7\u00e3o: Beto Coura<br \/>\n13\/04\/2016<\/p>\n","protected":false},"excerpt":{"rendered":"<p>O senador Ronaldo Caiado (DEM-GO) acionou o governador do Distrito Federal, Rodrigo Rollemberg, e o minist\u00e9rio da Justi\u00e7a, para pedir que eles garantam a seguran\u00e7a e a prote\u00e7\u00e3o de manifestantes no pr\u00f3ximo fim de semana, durante a vota\u00e7\u00e3o do impeachment. O senador quer a Pol\u00edcia Federal, a Pol\u00edcia Rodovi\u00e1ria Federal e os \u00f3rg\u00e3os de seguran\u00e7a [&hellip;]<\/p>\n","protected":false},"author":2,"featured_media":34796,"comment_status":"open","ping_status":"closed","sticky":false,"template":"","format":"standard","meta":{"_genesis_hide_title":false,"_genesis_hide_breadcrumbs":false,"_genesis_hide_singular_image":false,"_genesis_hide_footer_widgets":false,"_genesis_custom_body_class":"","_genesis_custom_post_class":"","_genesis_layout":"","_jetpack_memberships_contains_paid_content":false,"footnotes":""},"categories":[22],"tags":[],"class_list":{"0":"post-84263","1":"post","2":"type-post","3":"status-publish","4":"format-standard","5":"has-post-thumbnail","7":"category-brasil","8":"entry","9":"gs-1","10":"gs-odd","11":"gs-even","12":"gs-featured-content-entry"},"jetpack_featured_media_url":"https:\/\/www.redenoticia.com.br\/noticia\/imagens\/dilma-foto-wilson-dias-abr.jpg","jetpack_sharing_enabled":true,"jetpack_likes_enabled":true,"_links":{"self":[{"href":"https:\/\/www.redenoticia.com.br\/noticia\/wp-json\/wp\/v2\/posts\/84263","targetHints":{"allow":["GET"]}}],"collection":[{"href":"https:\/\/www.redenoticia.com.br\/noticia\/wp-json\/wp\/v2\/posts"}],"about":[{"href":"https:\/\/www.redenoticia.com.br\/noticia\/wp-json\/wp\/v2\/types\/post"}],"author":[{"embeddable":true,"href":"https:\/\/www.redenoticia.com.br\/noticia\/wp-json\/wp\/v2\/users\/2"}],"replies":[{"embeddable":true,"href":"https:\/\/www.redenoticia.com.br\/noticia\/wp-json\/wp\/v2\/comments?post=84263"}],"version-history":[{"count":0,"href":"https:\/\/www.redenoticia.com.br\/noticia\/wp-json\/wp\/v2\/posts\/84263\/revisions"}],"wp:featuredmedia":[{"embeddable":true,"href":"https:\/\/www.redenoticia.com.br\/noticia\/wp-json\/wp\/v2\/media\/34796"}],"wp:attachment":[{"href":"https:\/\/www.redenoticia.com.br\/noticia\/wp-json\/wp\/v2\/media?parent=84263"}],"wp:term":[{"taxonomy":"category","embeddable":true,"href":"https:\/\/www.redenoticia.com.br\/noticia\/wp-json\/wp\/v2\/categories?post=84263"},{"taxonomy":"post_tag","embeddable":true,"href":"https:\/\/www.redenoticia.com.br\/noticia\/wp-json\/wp\/v2\/tags?post=84263"}],"curies":[{"name":"wp","href":"https:\/\/api.w.org\/{rel}","templated":true}]}}