{"id":84187,"date":"2016-04-12T10:47:47","date_gmt":"2016-04-12T13:47:47","guid":{"rendered":"http:\/\/www.redenoticia.com.br\/noticia\/?p=84187"},"modified":"2016-04-11T19:49:46","modified_gmt":"2016-04-11T22:49:46","slug":"projecoes-apontam-queda-de-33-do-emprego-no-comercio-em-2016","status":"publish","type":"post","link":"https:\/\/www.redenoticia.com.br\/noticia\/2016\/projecoes-apontam-queda-de-33-do-emprego-no-comercio-em-2016\/84187","title":{"rendered":"Proje\u00e7\u00f5es apontam queda de 3,3% do emprego no com\u00e9rcio em 2016"},"content":{"rendered":"<p> Proje\u00e7\u00f5es da Confedera\u00e7\u00e3o Nacional do Com\u00e9rcio de Bens, Servi\u00e7os e Turismo (CNC) indicam \u2013 em todo o pa\u00eds &#8211; que o <strong><em>n\u00edvel de emprego no com\u00e9rcio<\/em><\/strong> varejista dever\u00e1 cair 3,3% at\u00e9 o final do ano, significando um corte de cerca de 253,4 mil empregos com carteira de trabalho assinada em todo o pa\u00eds.<\/p>\n<p>Segundo dados divulgados pela CNC, ao longo de 2015 o setor varejista fechou com queda de 2,3% no n\u00famero de postos de trabalho, o que resultou no fechamento l\u00edquido de 179,9 mil vagas formais, \u201critmo que se manteve tamb\u00e9m no acumulado dos \u00faltimos doze meses encerrados em fevereiro de 2016.\u201d<\/p>\n<p>As proje\u00e7\u00f5es da entidade indicam, ainda, que ao longo deste ano o volume de vendas do setor dever\u00e1 recuar 8,3%, depois de ter fechado o ano passado em queda de 8,6%.<\/p>\n<p>Segundo a nota da CNC, as proje\u00e7\u00f5es foram baseadas \u201cno comportamento no emprego celetista do setor, a partir de dados mensais do Caged [Cadastro Geral de Empregados e Desempregados} do Minist\u00e9rio do Trabalho e Previd\u00eancia Social.\u201d A entidade lembra, ainda, que a com\u00e9rcio \u201cfoi um dos \u00faltimos setores a iniciar demiss\u00f5es por conta da recess\u00e3o.\u201d<\/p>\n<p>Ajuste<\/p>\n<p>Na avalia\u00e7\u00e3o do economista da CNC, as proje\u00e7\u00f5es levam em conta \u201co ajuste tardio no quadro de funcion\u00e1rios do varejo, associado \u00e0 intensifica\u00e7\u00e3o da retra\u00e7\u00e3o das vendas em 2016, o que dever\u00e1 levar o varejo a registrar queda no n\u00famero de trabalhadores pelo segundo ano seguido.\u201d<\/p>\n<p>As informa\u00e7\u00f5es da confedera\u00e7\u00e3o ressaltam que, \u201capesar da n\u00edtida perda de ritmo de atividade, a redu\u00e7\u00e3o do n\u00famero de empregados no varejo em rela\u00e7\u00e3o ao mesmo per\u00edodo do ano anterior se deu somente a partir de agosto de 2015, quando as vendas j\u00e1 acumulavam recuo de 5,2% no mesmo intervalo de 12 meses.\u201d<\/p>\n<p>\u201cNaquela ocasi\u00e3o, apenas tr\u00eas dos 25 subsetores da economia ainda registravam varia\u00e7\u00f5es positivas no n\u00famero de trabalhadores ocupados no intervalo de um ano: servi\u00e7os de alojamento e alimenta\u00e7\u00e3o (+0,1%), servi\u00e7os m\u00e9dicos, odontol\u00f3gicos e veterin\u00e1rios (+3,7%) e atividades de ensino (+1,3%)\u201d. No mesmo per\u00edodo, ressalta a entidade, contabilizando todos os subsetores, o emprego celetista j\u00e1 acusava retra\u00e7\u00e3o anual de 2,3%.<\/p>\n<p>O quadro, de acordo com a CNC, considerando o mesmo per\u00edodo (janeiro-agosto de 2015), era mais grave nas lojas de artigos de uso pessoal e dom\u00e9stico, onde o emprego j\u00e1 havia encolhido 15,2%. \u201cEsse segmento do varejo n\u00e3o especializado \u00e9 formado, principalmente, por lojas de utilidades dom\u00e9sticas, eletroeletr\u00f4nicos, brinquedos e joalherias\u201d, finalizou a nota da entidade.<\/p>\n<p>Nielmar de Oliveira &#8211; Rep\u00f3rter da Ag\u00eancia Brasil<br \/>\nEdi\u00e7\u00e3o: Kleber Sampaio<br \/>\n12\/04\/2016<\/p>\n","protected":false},"excerpt":{"rendered":"<p>Proje\u00e7\u00f5es da Confedera\u00e7\u00e3o Nacional do Com\u00e9rcio de Bens, Servi\u00e7os e Turismo (CNC) indicam \u2013 em todo o pa\u00eds &#8211; que o n\u00edvel de emprego no com\u00e9rcio varejista dever\u00e1 cair 3,3% at\u00e9 o final do ano, significando um corte de cerca de 253,4 mil empregos com carteira de trabalho assinada em todo o pa\u00eds. Segundo dados [&hellip;]<\/p>\n","protected":false},"author":2,"featured_media":57583,"comment_status":"open","ping_status":"closed","sticky":false,"template":"","format":"standard","meta":{"_genesis_hide_title":false,"_genesis_hide_breadcrumbs":false,"_genesis_hide_singular_image":false,"_genesis_hide_footer_widgets":false,"_genesis_custom_body_class":"","_genesis_custom_post_class":"","_genesis_layout":"","_jetpack_memberships_contains_paid_content":false,"footnotes":""},"categories":[22,7],"tags":[],"class_list":{"0":"post-84187","1":"post","2":"type-post","3":"status-publish","4":"format-standard","5":"has-post-thumbnail","7":"category-brasil","8":"category-economia","9":"entry","10":"gs-1","11":"gs-odd","12":"gs-even","13":"gs-featured-content-entry"},"jetpack_featured_media_url":"https:\/\/www.redenoticia.com.br\/noticia\/imagens\/economia-grafico.jpg","jetpack_sharing_enabled":true,"jetpack_likes_enabled":true,"_links":{"self":[{"href":"https:\/\/www.redenoticia.com.br\/noticia\/wp-json\/wp\/v2\/posts\/84187","targetHints":{"allow":["GET"]}}],"collection":[{"href":"https:\/\/www.redenoticia.com.br\/noticia\/wp-json\/wp\/v2\/posts"}],"about":[{"href":"https:\/\/www.redenoticia.com.br\/noticia\/wp-json\/wp\/v2\/types\/post"}],"author":[{"embeddable":true,"href":"https:\/\/www.redenoticia.com.br\/noticia\/wp-json\/wp\/v2\/users\/2"}],"replies":[{"embeddable":true,"href":"https:\/\/www.redenoticia.com.br\/noticia\/wp-json\/wp\/v2\/comments?post=84187"}],"version-history":[{"count":0,"href":"https:\/\/www.redenoticia.com.br\/noticia\/wp-json\/wp\/v2\/posts\/84187\/revisions"}],"wp:featuredmedia":[{"embeddable":true,"href":"https:\/\/www.redenoticia.com.br\/noticia\/wp-json\/wp\/v2\/media\/57583"}],"wp:attachment":[{"href":"https:\/\/www.redenoticia.com.br\/noticia\/wp-json\/wp\/v2\/media?parent=84187"}],"wp:term":[{"taxonomy":"category","embeddable":true,"href":"https:\/\/www.redenoticia.com.br\/noticia\/wp-json\/wp\/v2\/categories?post=84187"},{"taxonomy":"post_tag","embeddable":true,"href":"https:\/\/www.redenoticia.com.br\/noticia\/wp-json\/wp\/v2\/tags?post=84187"}],"curies":[{"name":"wp","href":"https:\/\/api.w.org\/{rel}","templated":true}]}}