{"id":84185,"date":"2016-04-12T10:46:01","date_gmt":"2016-04-12T13:46:01","guid":{"rendered":"http:\/\/www.redenoticia.com.br\/noticia\/?p=84185"},"modified":"2016-04-11T19:47:43","modified_gmt":"2016-04-11T22:47:43","slug":"inadimplencia-cresce-75-e-brasil-tem-58-milhoes-de-pessoas-negativadas","status":"publish","type":"post","link":"https:\/\/www.redenoticia.com.br\/noticia\/2016\/inadimplencia-cresce-75-e-brasil-tem-58-milhoes-de-pessoas-negativadas\/84185","title":{"rendered":"Inadimpl\u00eancia cresce 7,5% e Brasil tem 58 milh\u00f5es de pessoas negativadas"},"content":{"rendered":"<p> Mais de um ter\u00e7o da popula\u00e7\u00e3o brasileira est\u00e1 com <strong><em>d\u00edvidas em atraso<\/em><\/strong>, segundo levantamento feito em conjunto pelo Servi\u00e7o de Prote\u00e7\u00e3o ao Cr\u00e9dito (SPC Brasil) e pela Confedera\u00e7\u00e3o Nacional de Dirigentes Lojistas. Em mar\u00e7o, 700 mil pessoas entraram para a lista de inadimplentes, elevando o saldo de negativados para 58,7 milh\u00f5es. Esse n\u00famero \u00e9 1,2% maior do que no m\u00eas passado e 7,5% acima do registrado em mar\u00e7o de 2015.<\/p>\n<p>A pesquisa mostra que a inadimpl\u00eancia atinge 39,64% da popula\u00e7\u00e3o com idade entre 18 e 95 anos. Por regi\u00e3o, o Nordeste aparece com o maior n\u00famero absoluto (15,7 milh\u00f5es). Nesta regi\u00e3o, total de devedores em atraso v\u00eam crescendo h\u00e1 oito meses consecutivos e est\u00e1 8,09% superior ao mesmo m\u00eas do ano passado. Na regi\u00e3o Centro-Oeste , houve aumento de 4,64%, no Norte (4,23%) e no Sul (3,10%).<\/p>\n<p>Irreal<\/p>\n<p>J\u00e1 na regi\u00e3o Sudeste o levantamento foi prejudicado, segundo o economista Fl\u00e1vio Borges, gerente financeiro da SPC Brasil. Ele afirmou que os dados deixaram de representar a realidade diante da lei estadual de S\u00e3o Paulo (16.569\/2015). Por essa lei, a negativa\u00e7\u00e3o do nome s\u00f3 pode ser feita ap\u00f3s o envio de carta registrada ao devedor e sua devolu\u00e7\u00e3o com a assinatura de ciente do d\u00e9bito.<\/p>\n<p>Na avalia\u00e7\u00e3o de Borges, o aumento da inadimpl\u00eancia se deve \u00e0 crise econ\u00f4mica. \u00c9 uma situa\u00e7\u00e3o que \u201creflete o aumento do desemprego e da infla\u00e7\u00e3o em alta que corr\u00f3i o poder de compra\u201d, disse ele. O economista observou ainda que, \u201cem tempos de bonan\u00e7a quando h\u00e1 maior oferta de cr\u00e9dito, h\u00e1 tamb\u00e9m um crescimento da inadimpl\u00eancia, mas acompanhado de mais cr\u00e9dito e de consumo, fato que agora ocorre inversamente com restri\u00e7\u00e3o ao cr\u00e9dito e menos consumo.\u201d<\/p>\n<p>Marli Moreira &#8211; Rep\u00f3rter da Ag\u00eancia Brasil<br \/>\nEdi\u00e7\u00e3o: Kleber Sampaio<br \/>\n12\/04\/2016<\/p>\n","protected":false},"excerpt":{"rendered":"<p>Mais de um ter\u00e7o da popula\u00e7\u00e3o brasileira est\u00e1 com d\u00edvidas em atraso, segundo levantamento feito em conjunto pelo Servi\u00e7o de Prote\u00e7\u00e3o ao Cr\u00e9dito (SPC Brasil) e pela Confedera\u00e7\u00e3o Nacional de Dirigentes Lojistas. Em mar\u00e7o, 700 mil pessoas entraram para a lista de inadimplentes, elevando o saldo de negativados para 58,7 milh\u00f5es. Esse n\u00famero \u00e9 1,2% [&hellip;]<\/p>\n","protected":false},"author":2,"featured_media":57585,"comment_status":"open","ping_status":"closed","sticky":false,"template":"","format":"standard","meta":{"_genesis_hide_title":false,"_genesis_hide_breadcrumbs":false,"_genesis_hide_singular_image":false,"_genesis_hide_footer_widgets":false,"_genesis_custom_body_class":"","_genesis_custom_post_class":"","_genesis_layout":"","_jetpack_memberships_contains_paid_content":false,"footnotes":""},"categories":[22,7],"tags":[],"class_list":{"0":"post-84185","1":"post","2":"type-post","3":"status-publish","4":"format-standard","5":"has-post-thumbnail","7":"category-brasil","8":"category-economia","9":"entry","10":"gs-1","11":"gs-odd","12":"gs-even","13":"gs-featured-content-entry"},"jetpack_featured_media_url":"https:\/\/www.redenoticia.com.br\/noticia\/imagens\/analise-economia.jpg","jetpack_sharing_enabled":true,"jetpack_likes_enabled":true,"_links":{"self":[{"href":"https:\/\/www.redenoticia.com.br\/noticia\/wp-json\/wp\/v2\/posts\/84185","targetHints":{"allow":["GET"]}}],"collection":[{"href":"https:\/\/www.redenoticia.com.br\/noticia\/wp-json\/wp\/v2\/posts"}],"about":[{"href":"https:\/\/www.redenoticia.com.br\/noticia\/wp-json\/wp\/v2\/types\/post"}],"author":[{"embeddable":true,"href":"https:\/\/www.redenoticia.com.br\/noticia\/wp-json\/wp\/v2\/users\/2"}],"replies":[{"embeddable":true,"href":"https:\/\/www.redenoticia.com.br\/noticia\/wp-json\/wp\/v2\/comments?post=84185"}],"version-history":[{"count":0,"href":"https:\/\/www.redenoticia.com.br\/noticia\/wp-json\/wp\/v2\/posts\/84185\/revisions"}],"wp:featuredmedia":[{"embeddable":true,"href":"https:\/\/www.redenoticia.com.br\/noticia\/wp-json\/wp\/v2\/media\/57585"}],"wp:attachment":[{"href":"https:\/\/www.redenoticia.com.br\/noticia\/wp-json\/wp\/v2\/media?parent=84185"}],"wp:term":[{"taxonomy":"category","embeddable":true,"href":"https:\/\/www.redenoticia.com.br\/noticia\/wp-json\/wp\/v2\/categories?post=84185"},{"taxonomy":"post_tag","embeddable":true,"href":"https:\/\/www.redenoticia.com.br\/noticia\/wp-json\/wp\/v2\/tags?post=84185"}],"curies":[{"name":"wp","href":"https:\/\/api.w.org\/{rel}","templated":true}]}}