{"id":84109,"date":"2016-04-11T10:46:27","date_gmt":"2016-04-11T13:46:27","guid":{"rendered":"http:\/\/www.redenoticia.com.br\/noticia\/?p=84109"},"modified":"2016-04-10T16:57:17","modified_gmt":"2016-04-10T19:57:17","slug":"receita-divulga-video-para-ajudar-contribuintes-que-ainda-nao-declararam-o-ir","status":"publish","type":"post","link":"https:\/\/www.redenoticia.com.br\/noticia\/2016\/receita-divulga-video-para-ajudar-contribuintes-que-ainda-nao-declararam-o-ir\/84109","title":{"rendered":"Receita divulga v\u00eddeo para ajudar contribuintes que ainda n\u00e3o declararam o IR"},"content":{"rendered":"<p> A Receita Federal produziu um v\u00eddeo de anima\u00e7\u00e3o para ajudar os contribuintes que ainda n\u00e3o enviaram a Declara\u00e7\u00e3o do <strong><em>Imposto de Renda<\/em><\/strong> Pessoa F\u00edsica 2016. O prazo que come\u00e7ou no dia 1\u00ba de mar\u00e7o termina no dia 29 de abril.<\/p>\n<p>Com uma linguagem simples, os produtores do v\u00eddeo procuram apresentar os pontos b\u00e1sicos da declara\u00e7\u00e3o tais como limite de isen\u00e7\u00e3o, valores de multa por n\u00e3o entrega, rendimentos tribut\u00e1veis, op\u00e7\u00e3o por desconto simplificado e itens do patrim\u00f4nio que devem ser declarados. O v\u00eddeo foi divulgado no canal oficial da Receita Federal no youtube, a TV Receita.<\/p>\n<p>O programa gerador da declara\u00e7\u00e3o para ser usado no computador pode ser baixado . O aplicativo para dispositivos m\u00f3veis (tablets e smartphones) na vers\u00e3o Android, da Google, e na vers\u00e3o iOS, da Apple, est\u00e1 dispon\u00edvel no mesmo endere\u00e7o.<\/p>\n<p>Para esclarecer d\u00favidas em rela\u00e7\u00e3o ao preenchimento da declara\u00e7\u00e3o do imposto referente ao exerc\u00edcio de 2016, ano-calend\u00e1rio de 2015, a Receita tamb\u00e9m liberou para download um pergunt\u00e3o com respostas para as d\u00favidas mais frequentes.<\/p>\n<p>A expectativa do governo \u00e9 receber neste ano 28,5 milh\u00f5es de declara\u00e7\u00f5es, n\u00famero 2,1% maior do que as 27,9 milh\u00f5es entregues no ano passado.<\/p>\n<p>Hist\u00f3ria do Imposto de Renda<\/p>\n<p>Outro v\u00eddeo interessante e curioso produzido pela TV Receita conta a hist\u00f3ria do Imposto de Renda. S\u00e3o quase 6 minutos de produ\u00e7\u00e3o, que come\u00e7a com a origem do imposto de renda moderno, surgido na Inglaterra em 1799.<\/p>\n<p>Daniel Lima \u2013 Rep\u00f3rter da Ag\u00eancia Brasil<br \/>\nEdi\u00e7\u00e3o: Denise Griesinger<br \/>\n11\/04\/2016<\/p>\n","protected":false},"excerpt":{"rendered":"<p>A Receita Federal produziu um v\u00eddeo de anima\u00e7\u00e3o para ajudar os contribuintes que ainda n\u00e3o enviaram a Declara\u00e7\u00e3o do Imposto de Renda Pessoa F\u00edsica 2016. O prazo que come\u00e7ou no dia 1\u00ba de mar\u00e7o termina no dia 29 de abril. Com uma linguagem simples, os produtores do v\u00eddeo procuram apresentar os pontos b\u00e1sicos da declara\u00e7\u00e3o [&hellip;]<\/p>\n","protected":false},"author":2,"featured_media":23889,"comment_status":"open","ping_status":"closed","sticky":false,"template":"","format":"standard","meta":{"_genesis_hide_title":false,"_genesis_hide_breadcrumbs":false,"_genesis_hide_singular_image":false,"_genesis_hide_footer_widgets":false,"_genesis_custom_body_class":"","_genesis_custom_post_class":"","_genesis_layout":"","_jetpack_memberships_contains_paid_content":false,"footnotes":""},"categories":[22,7],"tags":[],"class_list":{"0":"post-84109","1":"post","2":"type-post","3":"status-publish","4":"format-standard","5":"has-post-thumbnail","7":"category-brasil","8":"category-economia","9":"entry","10":"gs-1","11":"gs-odd","12":"gs-even","13":"gs-featured-content-entry"},"jetpack_featured_media_url":"https:\/\/www.redenoticia.com.br\/noticia\/imagens\/receita-federal-irpf-2010.jpg","jetpack_sharing_enabled":true,"jetpack_likes_enabled":true,"_links":{"self":[{"href":"https:\/\/www.redenoticia.com.br\/noticia\/wp-json\/wp\/v2\/posts\/84109","targetHints":{"allow":["GET"]}}],"collection":[{"href":"https:\/\/www.redenoticia.com.br\/noticia\/wp-json\/wp\/v2\/posts"}],"about":[{"href":"https:\/\/www.redenoticia.com.br\/noticia\/wp-json\/wp\/v2\/types\/post"}],"author":[{"embeddable":true,"href":"https:\/\/www.redenoticia.com.br\/noticia\/wp-json\/wp\/v2\/users\/2"}],"replies":[{"embeddable":true,"href":"https:\/\/www.redenoticia.com.br\/noticia\/wp-json\/wp\/v2\/comments?post=84109"}],"version-history":[{"count":0,"href":"https:\/\/www.redenoticia.com.br\/noticia\/wp-json\/wp\/v2\/posts\/84109\/revisions"}],"wp:featuredmedia":[{"embeddable":true,"href":"https:\/\/www.redenoticia.com.br\/noticia\/wp-json\/wp\/v2\/media\/23889"}],"wp:attachment":[{"href":"https:\/\/www.redenoticia.com.br\/noticia\/wp-json\/wp\/v2\/media?parent=84109"}],"wp:term":[{"taxonomy":"category","embeddable":true,"href":"https:\/\/www.redenoticia.com.br\/noticia\/wp-json\/wp\/v2\/categories?post=84109"},{"taxonomy":"post_tag","embeddable":true,"href":"https:\/\/www.redenoticia.com.br\/noticia\/wp-json\/wp\/v2\/tags?post=84109"}],"curies":[{"name":"wp","href":"https:\/\/api.w.org\/{rel}","templated":true}]}}