{"id":84107,"date":"2016-04-11T10:45:31","date_gmt":"2016-04-11T13:45:31","guid":{"rendered":"http:\/\/www.redenoticia.com.br\/noticia\/?p=84107"},"modified":"2016-04-10T16:56:24","modified_gmt":"2016-04-10T19:56:24","slug":"indice-de-custo-de-vida-em-sao-paulo-sobe-044-em-marco-diz-dieese","status":"publish","type":"post","link":"https:\/\/www.redenoticia.com.br\/noticia\/2016\/indice-de-custo-de-vida-em-sao-paulo-sobe-044-em-marco-diz-dieese\/84107","title":{"rendered":"\u00cdndice de custo de vida em S\u00e3o Paulo sobe 0,44% em mar\u00e7o, diz Dieese"},"content":{"rendered":"<p> O <em><strong>\u00cdndice de Custo de Vida<\/strong><\/em> (ICV) na cidade de S\u00e3o Paulo cresceu 0,44% em mar\u00e7o na compara\u00e7\u00e3o com o m\u00eas anterior. Segundo o Departamento Intersindical de Estat\u00edstica e Estudos Socioecon\u00f4micos (Dieese), a alta foi puxada principalmente pelos setores de despesas pessoas (que teve aumento de 4,13%, influenciado pelo aumento no pre\u00e7o do cigarro), alimenta\u00e7\u00e3o (1,03%) e transporte (0,43%). Juntos, esses grupos contribu\u00edram com o aumento de 0,55 ponto percentual do \u00edndice.<\/p>\n<p>Tamb\u00e9m houve alta nos grupos equipamento dom\u00e9stico (aumento de 0,70%), vestu\u00e1rio (0,38%), educa\u00e7\u00e3o e leitura (0,26%), sa\u00fade (0,09%), recrea\u00e7\u00e3o (0,74%) e despesas diversas (0,02%).<\/p>\n<p>J\u00e1 o grupo de habita\u00e7\u00e3o foi o \u00fanico a apresentar queda (- 0,81%), em decorr\u00eancia principalmente da redu\u00e7\u00e3o na tarifa de energia el\u00e9trica.<\/p>\n<p>Entre abril de 2015 e mar\u00e7o deste ano, o ICV acumulou alta de 9,31%, enquanto no ano, entre janeiro e mar\u00e7o, a alta acumulada foi de 2,97%.<\/p>\n<p>Elaine Patricia Cruz \u2013 Rep\u00f3rter da Ag\u00eancia Brasil<br \/>\nEdi\u00e7\u00e3o: Armando Cardoso<br \/>\n11\/04\/2016<\/p>\n","protected":false},"excerpt":{"rendered":"<p>O \u00cdndice de Custo de Vida (ICV) na cidade de S\u00e3o Paulo cresceu 0,44% em mar\u00e7o na compara\u00e7\u00e3o com o m\u00eas anterior. Segundo o Departamento Intersindical de Estat\u00edstica e Estudos Socioecon\u00f4micos (Dieese), a alta foi puxada principalmente pelos setores de despesas pessoas (que teve aumento de 4,13%, influenciado pelo aumento no pre\u00e7o do cigarro), alimenta\u00e7\u00e3o [&hellip;]<\/p>\n","protected":false},"author":2,"featured_media":57585,"comment_status":"open","ping_status":"closed","sticky":false,"template":"","format":"standard","meta":{"_genesis_hide_title":false,"_genesis_hide_breadcrumbs":false,"_genesis_hide_singular_image":false,"_genesis_hide_footer_widgets":false,"_genesis_custom_body_class":"","_genesis_custom_post_class":"","_genesis_layout":"","_jetpack_memberships_contains_paid_content":false,"footnotes":""},"categories":[22,7],"tags":[],"class_list":{"0":"post-84107","1":"post","2":"type-post","3":"status-publish","4":"format-standard","5":"has-post-thumbnail","7":"category-brasil","8":"category-economia","9":"entry","10":"gs-1","11":"gs-odd","12":"gs-even","13":"gs-featured-content-entry"},"jetpack_featured_media_url":"https:\/\/www.redenoticia.com.br\/noticia\/imagens\/analise-economia.jpg","jetpack_sharing_enabled":true,"jetpack_likes_enabled":true,"_links":{"self":[{"href":"https:\/\/www.redenoticia.com.br\/noticia\/wp-json\/wp\/v2\/posts\/84107","targetHints":{"allow":["GET"]}}],"collection":[{"href":"https:\/\/www.redenoticia.com.br\/noticia\/wp-json\/wp\/v2\/posts"}],"about":[{"href":"https:\/\/www.redenoticia.com.br\/noticia\/wp-json\/wp\/v2\/types\/post"}],"author":[{"embeddable":true,"href":"https:\/\/www.redenoticia.com.br\/noticia\/wp-json\/wp\/v2\/users\/2"}],"replies":[{"embeddable":true,"href":"https:\/\/www.redenoticia.com.br\/noticia\/wp-json\/wp\/v2\/comments?post=84107"}],"version-history":[{"count":0,"href":"https:\/\/www.redenoticia.com.br\/noticia\/wp-json\/wp\/v2\/posts\/84107\/revisions"}],"wp:featuredmedia":[{"embeddable":true,"href":"https:\/\/www.redenoticia.com.br\/noticia\/wp-json\/wp\/v2\/media\/57585"}],"wp:attachment":[{"href":"https:\/\/www.redenoticia.com.br\/noticia\/wp-json\/wp\/v2\/media?parent=84107"}],"wp:term":[{"taxonomy":"category","embeddable":true,"href":"https:\/\/www.redenoticia.com.br\/noticia\/wp-json\/wp\/v2\/categories?post=84107"},{"taxonomy":"post_tag","embeddable":true,"href":"https:\/\/www.redenoticia.com.br\/noticia\/wp-json\/wp\/v2\/tags?post=84107"}],"curies":[{"name":"wp","href":"https:\/\/api.w.org\/{rel}","templated":true}]}}