{"id":84105,"date":"2016-04-11T10:44:32","date_gmt":"2016-04-11T13:44:32","guid":{"rendered":"http:\/\/www.redenoticia.com.br\/noticia\/?p=84105"},"modified":"2016-04-10T16:55:28","modified_gmt":"2016-04-10T19:55:28","slug":"conselho-federal-de-economia-volta-a-defender-juros-mais-baixos","status":"publish","type":"post","link":"https:\/\/www.redenoticia.com.br\/noticia\/2016\/conselho-federal-de-economia-volta-a-defender-juros-mais-baixos\/84105","title":{"rendered":"Conselho Federal de Economia volta a defender juros mais baixos"},"content":{"rendered":"<p> O Conselho Federal de Economia (Cofecon) defendeu a redu\u00e7\u00e3o da <em><strong>Selic<\/strong><\/em>, a taxa b\u00e1sica de juros da economia. Atualmente, em 14,25% ao ano, a Selic foi mantida pelo Comit\u00ea de Pol\u00edtica Monet\u00e1ria (Copom) do Banco Central nas \u00faltimas cinco reuni\u00f5es. Segundo o Cofecon, a queda, em mar\u00e7o, da infla\u00e7\u00e3o medida pelo \u00cdndice de Pre\u00e7os ao Consumidor Amplo (IPCA), divulgado pelo Instituto Brasileiro de Geografia Estat\u00edstica (IBGE), justifica uma redu\u00e7\u00e3o da taxa b\u00e1sica.<\/p>\n<p>O IBGE informou nesta sexta-feira que a infla\u00e7\u00e3o ficou em 0,43% em mar\u00e7o, ap\u00f3s registrar 1,27% em janeiro e 0,9% em fevereiro. O \u00edndice tamb\u00e9m foi o melhor para meses de mar\u00e7o desde 2012.<\/p>\n<p>\u201cEsse resultado ratifica que as causas da forte eleva\u00e7\u00e3o do IPCA em 2015, quando alcan\u00e7ou 10,67%, n\u00e3o mais est\u00e3o presentes\u201d, alegou o Cofecon em nota. De acordo com o comunicado, os efeitos do reajuste de pre\u00e7os administrados, como os da gasolina e da energia, bem como o repasse de pre\u00e7os causado pela alta do d\u00f3lar, j\u00e1 acabaram.<\/p>\n<p> \u201cAdemais, o impacto da queda da massa salarial, da desacelera\u00e7\u00e3o do cr\u00e9dito e da atividade econ\u00f4mica concorrem para a conten\u00e7\u00e3o na varia\u00e7\u00e3o dos chamados &#8216;pre\u00e7os livres&#8217;\u201d, acrescentou a nota do Cofecon. Para a entidade, o pa\u00eds n\u00e3o enfrenta um problema de infla\u00e7\u00e3o de demanda e, por isso, n\u00e3o haveria justificativa para manter a Selic no patamar atual.<\/p>\n<p>O Cofecon lembrou a retra\u00e7\u00e3o de 3,8% do Produto Interno Bruto (PIB, soma dos bens e servi\u00e7os produzidos em um pa\u00eds) em 2015 e afirmou que a pol\u00edtica monet\u00e1ria contribuiu para a queda da atividade econ\u00f4mica. \u201c[Isso] pode, inclusive, se repetir em magnitude similar em 2016, com reflexos adversos sobre a gera\u00e7\u00e3o de emprego e renda da fam\u00edlia\u201d, diz a entidade.<\/p>\n<p>Proje\u00e7\u00f5es<\/p>\n<p>O comunicado do conselho destaca que as proje\u00e7\u00f5es de mercado apontam uma taxa de infla\u00e7\u00e3o de 6,48% em 12 meses para este ano. Para os economistas do Cofecon, a recente queda da taxa de c\u00e2mbio contribuir\u00e1 para um \u00edndice mais baixo de infla\u00e7\u00e3o. O Cofecon ressalta que a queda na atividade econ\u00f4mica est\u00e1 afetando a arrecada\u00e7\u00e3o tribut\u00e1ria, contribuindo para o d\u00e9ficit nas contas p\u00fablicas e para a acelera\u00e7\u00e3o do crescimento da d\u00edvida p\u00fablica. Segundo a entidade, a situa\u00e7\u00e3o amea\u00e7a tamb\u00e9m o atendimento das demandas sociais.<\/p>\n<p>\u201cO Copom tem a oportunidade de, reconhecendo que o ambiente recessivo inibe novos aumentos de pre\u00e7os e as causas da infla\u00e7\u00e3o de 2015 est\u00e3o se dissipando (&#8230;), promover a imediata redu\u00e7\u00e3o da Selic, que teria efeito positivo sobre as expectativas dos agentes econ\u00f4micos e contribuiria para reverter o grave quadro econ\u00f4mico atual\u201d, acrescenta a nota. De acordo com a Cofecon, a retomada do crescimento e supera\u00e7\u00e3o da crise fiscal dependem da redu\u00e7\u00e3o da taxa b\u00e1sica de juros.<\/p>\n<p>Mariana Branco \u2013 Rep\u00f3rter da Ag\u00eancia Brasil<br \/>\nEdi\u00e7\u00e3o: N\u00e1dia Franco<br \/>\n11\/04\/2016<\/p>\n","protected":false},"excerpt":{"rendered":"<p>O Conselho Federal de Economia (Cofecon) defendeu a redu\u00e7\u00e3o da Selic, a taxa b\u00e1sica de juros da economia. Atualmente, em 14,25% ao ano, a Selic foi mantida pelo Comit\u00ea de Pol\u00edtica Monet\u00e1ria (Copom) do Banco Central nas \u00faltimas cinco reuni\u00f5es. Segundo o Cofecon, a queda, em mar\u00e7o, da infla\u00e7\u00e3o medida pelo \u00cdndice de Pre\u00e7os ao [&hellip;]<\/p>\n","protected":false},"author":2,"featured_media":38938,"comment_status":"open","ping_status":"closed","sticky":false,"template":"","format":"standard","meta":{"_genesis_hide_title":false,"_genesis_hide_breadcrumbs":false,"_genesis_hide_singular_image":false,"_genesis_hide_footer_widgets":false,"_genesis_custom_body_class":"","_genesis_custom_post_class":"","_genesis_layout":"","_jetpack_memberships_contains_paid_content":false,"footnotes":""},"categories":[22,7],"tags":[],"class_list":{"0":"post-84105","1":"post","2":"type-post","3":"status-publish","4":"format-standard","5":"has-post-thumbnail","7":"category-brasil","8":"category-economia","9":"entry","10":"gs-1","11":"gs-odd","12":"gs-even","13":"gs-featured-content-entry"},"jetpack_featured_media_url":"https:\/\/www.redenoticia.com.br\/noticia\/imagens\/economia1.jpg","jetpack_sharing_enabled":true,"jetpack_likes_enabled":true,"_links":{"self":[{"href":"https:\/\/www.redenoticia.com.br\/noticia\/wp-json\/wp\/v2\/posts\/84105","targetHints":{"allow":["GET"]}}],"collection":[{"href":"https:\/\/www.redenoticia.com.br\/noticia\/wp-json\/wp\/v2\/posts"}],"about":[{"href":"https:\/\/www.redenoticia.com.br\/noticia\/wp-json\/wp\/v2\/types\/post"}],"author":[{"embeddable":true,"href":"https:\/\/www.redenoticia.com.br\/noticia\/wp-json\/wp\/v2\/users\/2"}],"replies":[{"embeddable":true,"href":"https:\/\/www.redenoticia.com.br\/noticia\/wp-json\/wp\/v2\/comments?post=84105"}],"version-history":[{"count":0,"href":"https:\/\/www.redenoticia.com.br\/noticia\/wp-json\/wp\/v2\/posts\/84105\/revisions"}],"wp:featuredmedia":[{"embeddable":true,"href":"https:\/\/www.redenoticia.com.br\/noticia\/wp-json\/wp\/v2\/media\/38938"}],"wp:attachment":[{"href":"https:\/\/www.redenoticia.com.br\/noticia\/wp-json\/wp\/v2\/media?parent=84105"}],"wp:term":[{"taxonomy":"category","embeddable":true,"href":"https:\/\/www.redenoticia.com.br\/noticia\/wp-json\/wp\/v2\/categories?post=84105"},{"taxonomy":"post_tag","embeddable":true,"href":"https:\/\/www.redenoticia.com.br\/noticia\/wp-json\/wp\/v2\/tags?post=84105"}],"curies":[{"name":"wp","href":"https:\/\/api.w.org\/{rel}","templated":true}]}}