{"id":84,"date":"2009-04-03T16:10:00","date_gmt":"2009-04-03T19:10:00","guid":{"rendered":"http:\/\/www.redenoticia.com.br\/noticia\/?p=84"},"modified":"2009-04-10T00:47:09","modified_gmt":"2009-04-10T03:47:09","slug":"bianco-chama-a-atencao-do-ministro-para-a-saude-da-amazonia","status":"publish","type":"post","link":"https:\/\/www.redenoticia.com.br\/noticia\/2009\/bianco-chama-a-atencao-do-ministro-para-a-saude-da-amazonia\/84","title":{"rendered":"Bianco chama a aten\u00e7\u00e3o do Ministro para a saude da Amazonia"},"content":{"rendered":"<p style=\"TEXT-ALIGN: justify\">\u00a0<\/p>\n<p style=\"TEXT-ALIGN: justify\"><span style=\"FONT-SIZE: small; FONT-FAMILY: Arial\"><img loading=\"lazy\" decoding=\"async\" class=\"alignleft\" src=\"http:\/\/farm4.static.flickr.com\/3663\/3410165912_37cea01f1d_m.jpg\" alt=\"\" width=\"240\" height=\"161\" \/>O prefeto Jos\u00e9 de Abreu Bianco (DEM) fez um apelo ao ministro da Sa\u00fade, Jos\u00e9 Gomes Tempor\u00e3o, no sentido de voltar os olhos \u00e0s necessidades da sa\u00fade p\u00fablica da regi\u00e3o Amaz\u00f4nica. Bianco, tamb\u00e9m, protocolou documento reivindicat\u00f3rio que solicita melhorias na estrutura da sa\u00fade p\u00fablica municipal. Bianco e Tempor\u00e3o se encontraram no audit\u00f3rio da OAB, em Porto Velho, nesta sexta-feira, 3.<\/span><\/p>\n<p style=\"TEXT-ALIGN: justify\"><span style=\"FONT-SIZE: small; FONT-FAMILY: Arial\">&#8220;A nossa realidade \u00e9 bem diferente dos Estados das regi\u00f5es Sul e Sudeste. Portanto, precisamos de ajuda redobrada&#8221;, enfatizou Bianco, ao falar ao ministro Tempor\u00e3o. Segundo Bianco, a estrutura da sa\u00fade em Ji-Paran\u00e1 n\u00e3o comporta a demanda da regi\u00e3o. Para tanto, pediu que viabilize equipamentos para a operacionaliza\u00e7\u00e3o, no interior, de exames espec\u00edficos, como a ressonancia magn\u00e9tica e tomografia computadorizada.<\/span><\/p>\n<p style=\"TEXT-ALIGN: justify\"><span style=\"FONT-SIZE: small; FONT-FAMILY: Arial\">A pauta reivindicat\u00f3ria protocolada pelo prefeito Bianco, consta de reestrutura\u00e7\u00e3o do Pronto Atendimento L 1-Maring\u00e1 e do Hospital Municipal, reforma completa dos Centros de Sa\u00fade, informatiza\u00e7\u00e3o de toda a estrutura da Secretaria Municipal de Sa\u00fade e suas respectivas subunidades e, por fim, a visita de t\u00e9cnicos do Minist\u00e9rio da Sa\u00fade ao munic\u00edpio para orientar e capacitar os t\u00e9cnicos locais.<\/span><\/p>\n<p style=\"TEXT-ALIGN: justify\"><span style=\"FONT-SIZE: small; FONT-FAMILY: Arial\">&#8220;J\u00e1 designamos uma profissional da equipe t\u00e9cnica do Minist\u00e9rio para vir a Rond\u00f4nia fazer um mapeamento das necessidades, especialmente ao programa de Equipe de Sa\u00fade da Fam\u00edlia (ESF), e \u00e0s obras inacabadas que dever\u00e3o ser transformadas em Unidades de Pronto Atendimentos&#8221;, disse o ministro.<\/span><\/p>\n<p style=\"TEXT-ALIGN: justify\"><span style=\"FONT-SIZE: small; FONT-FAMILY: Arial\">Ainda, segundo Tempor\u00e3o, \u00e9 proposta do Minist\u00e9rio da Sa\u00fade implantar pa\u00eds afora o SAMU e as Unidades de Pronto Atendimentos (UPAs). &#8220;Este \u00e9 o caminho para resolver os problemas de sa\u00fade p\u00fablica&#8221;, discursou.<\/span><\/p>\n<p style=\"TEXT-ALIGN: justify\">Fonte: Assessoria ecretaria da Saude<\/p>\n<p style=\"TEXT-ALIGN: justify\">Foto: \u00c9sio Mendes<\/p>\n","protected":false},"excerpt":{"rendered":"<p>\u00a0 O prefeto Jos\u00e9 de Abreu Bianco (DEM) fez um apelo ao ministro da Sa\u00fade, Jos\u00e9 Gomes Tempor\u00e3o, no sentido de voltar os olhos \u00e0s necessidades da sa\u00fade p\u00fablica da regi\u00e3o Amaz\u00f4nica. Bianco, tamb\u00e9m, protocolou documento reivindicat\u00f3rio que solicita melhorias na estrutura da sa\u00fade p\u00fablica municipal. Bianco e Tempor\u00e3o se encontraram no audit\u00f3rio da OAB, [&hellip;]<\/p>\n","protected":false},"author":2,"featured_media":0,"comment_status":"open","ping_status":"open","sticky":false,"template":"","format":"standard","meta":{"_genesis_hide_title":false,"_genesis_hide_breadcrumbs":false,"_genesis_hide_singular_image":false,"_genesis_hide_footer_widgets":false,"_genesis_custom_body_class":"","_genesis_custom_post_class":"","_genesis_layout":"","_jetpack_memberships_contains_paid_content":false,"footnotes":""},"categories":[5],"tags":[],"class_list":{"0":"post-84","1":"post","2":"type-post","3":"status-publish","4":"format-standard","6":"category-saude-e-vida","7":"entry","8":"gs-1","9":"gs-odd","10":"gs-even","11":"gs-featured-content-entry"},"jetpack_featured_media_url":"","jetpack_sharing_enabled":true,"jetpack_likes_enabled":true,"_links":{"self":[{"href":"https:\/\/www.redenoticia.com.br\/noticia\/wp-json\/wp\/v2\/posts\/84","targetHints":{"allow":["GET"]}}],"collection":[{"href":"https:\/\/www.redenoticia.com.br\/noticia\/wp-json\/wp\/v2\/posts"}],"about":[{"href":"https:\/\/www.redenoticia.com.br\/noticia\/wp-json\/wp\/v2\/types\/post"}],"author":[{"embeddable":true,"href":"https:\/\/www.redenoticia.com.br\/noticia\/wp-json\/wp\/v2\/users\/2"}],"replies":[{"embeddable":true,"href":"https:\/\/www.redenoticia.com.br\/noticia\/wp-json\/wp\/v2\/comments?post=84"}],"version-history":[{"count":0,"href":"https:\/\/www.redenoticia.com.br\/noticia\/wp-json\/wp\/v2\/posts\/84\/revisions"}],"wp:attachment":[{"href":"https:\/\/www.redenoticia.com.br\/noticia\/wp-json\/wp\/v2\/media?parent=84"}],"wp:term":[{"taxonomy":"category","embeddable":true,"href":"https:\/\/www.redenoticia.com.br\/noticia\/wp-json\/wp\/v2\/categories?post=84"},{"taxonomy":"post_tag","embeddable":true,"href":"https:\/\/www.redenoticia.com.br\/noticia\/wp-json\/wp\/v2\/tags?post=84"}],"curies":[{"name":"wp","href":"https:\/\/api.w.org\/{rel}","templated":true}]}}