{"id":83960,"date":"2016-04-08T10:56:59","date_gmt":"2016-04-08T13:56:59","guid":{"rendered":"http:\/\/www.redenoticia.com.br\/noticia\/?p=83960"},"modified":"2016-04-07T16:57:50","modified_gmt":"2016-04-07T19:57:50","slug":"juros-do-cartao-de-credito-sobem-em-marco-e-atingem-43224-ao-ano","status":"publish","type":"post","link":"https:\/\/www.redenoticia.com.br\/noticia\/2016\/juros-do-cartao-de-credito-sobem-em-marco-e-atingem-43224-ao-ano\/83960","title":{"rendered":"Juros do cart\u00e3o de cr\u00e9dito sobem em mar\u00e7o e atingem 432,24% ao ano"},"content":{"rendered":"<p> Os <strong><em>juros m\u00e9dios do cart\u00e3o de cr\u00e9dito<\/em><\/strong> alcan\u00e7aram o patamar de 432,24% ao ano em mar\u00e7o, segundo pesquisa da Associa\u00e7\u00e3o Nacional de Executivos de Finan\u00e7as, Administra\u00e7\u00e3o e Contabilidade  (Anefac). O percentual reflete o aumento de 0,23 ponto percentual nos juros ao m\u00eas, que subiram de 14,72% em fevereiro para 14,95% em mar\u00e7o.<\/p>\n<p>Os juros do cheque especial tiveram alta de 0,20 ponto percentual, ficando em 263,71% ao ano. Entre fevereiro e mar\u00e7o, os juros m\u00e9dios dessa modalidade de cr\u00e9dito passaram de 11,16% ao m\u00eas para 11,36%.<\/p>\n<p> A taxa m\u00e9dia de juros para pessoa f\u00edsica subiu de 7,77% ao m\u00eas em fevereiro para 7,89% em mar\u00e7o, o que representa uma taxa m\u00e9dia de 148,76% ao ano. O aumento refletiu os reajustes nas seis modalidades de cr\u00e9dito pesquisadas, incluindo os juros do com\u00e9rcio, financiamento de autom\u00f3veis, empr\u00e9stimo pessoal em bancos e cr\u00e9dito ofertado por financeiras.<\/p>\n<p>Para o diretor executivo de Estudos da Anefac,  Miguel Jos\u00e9 Ribeiro de Oliveira, o aumento dos juros busca compensar poss\u00edveis perdas das institui\u00e7\u00f5es financeiras com a inadimpl\u00eancia.<\/p>\n<p>\u201cO cen\u00e1rio econ\u00f4mico aumenta o risco do crescimento nos \u00edndices de inadimpl\u00eancia. Este cen\u00e1rio se baseia no fato dos \u00edndices de infla\u00e7\u00e3o mais elevados, aumento de impostos e juros maiores que reduziram a renda das fam\u00edlias\u201d, ressaltou Oliveira sobre os fatores que podem levar os tomadores de cr\u00e9dito a terem dificuldade de honrar compromissos.<\/p>\n<p>As taxas m\u00e9dias de juros para pessoa jur\u00eddica ficaram em 69,59% ao ano em mar\u00e7o. O percentual significa um crescimento de 0,07 ponto percentual, de 4,43% ao m\u00eas em fevereiro para 4,50% no m\u00eas passado.<\/p>\n<p>De acordo com a Anefac, com o cen\u00e1rio econ\u00f4mico adverso, a tend\u00eancia \u00e9 que os juros continuem a se elevar nos pr\u00f3ximos meses. <\/p>\n<p>Daniel Mello &#8211; Rep\u00f3rter da Ag\u00eancia Brasil<br \/>\nEdi\u00e7\u00e3o: Armando Cardoso<br \/>\n08\/04\/2016 <\/p>\n","protected":false},"excerpt":{"rendered":"<p>Os juros m\u00e9dios do cart\u00e3o de cr\u00e9dito alcan\u00e7aram o patamar de 432,24% ao ano em mar\u00e7o, segundo pesquisa da Associa\u00e7\u00e3o Nacional de Executivos de Finan\u00e7as, Administra\u00e7\u00e3o e Contabilidade (Anefac). O percentual reflete o aumento de 0,23 ponto percentual nos juros ao m\u00eas, que subiram de 14,72% em fevereiro para 14,95% em mar\u00e7o. Os juros do [&hellip;]<\/p>\n","protected":false},"author":2,"featured_media":35203,"comment_status":"open","ping_status":"closed","sticky":false,"template":"","format":"standard","meta":{"_genesis_hide_title":false,"_genesis_hide_breadcrumbs":false,"_genesis_hide_singular_image":false,"_genesis_hide_footer_widgets":false,"_genesis_custom_body_class":"","_genesis_custom_post_class":"","_genesis_layout":"","_jetpack_memberships_contains_paid_content":false,"footnotes":""},"categories":[22,7],"tags":[],"class_list":{"0":"post-83960","1":"post","2":"type-post","3":"status-publish","4":"format-standard","5":"has-post-thumbnail","7":"category-brasil","8":"category-economia","9":"entry","10":"gs-1","11":"gs-odd","12":"gs-even","13":"gs-featured-content-entry"},"jetpack_featured_media_url":"https:\/\/www.redenoticia.com.br\/noticia\/imagens\/cartao-credito.jpg","jetpack_sharing_enabled":true,"jetpack_likes_enabled":true,"_links":{"self":[{"href":"https:\/\/www.redenoticia.com.br\/noticia\/wp-json\/wp\/v2\/posts\/83960","targetHints":{"allow":["GET"]}}],"collection":[{"href":"https:\/\/www.redenoticia.com.br\/noticia\/wp-json\/wp\/v2\/posts"}],"about":[{"href":"https:\/\/www.redenoticia.com.br\/noticia\/wp-json\/wp\/v2\/types\/post"}],"author":[{"embeddable":true,"href":"https:\/\/www.redenoticia.com.br\/noticia\/wp-json\/wp\/v2\/users\/2"}],"replies":[{"embeddable":true,"href":"https:\/\/www.redenoticia.com.br\/noticia\/wp-json\/wp\/v2\/comments?post=83960"}],"version-history":[{"count":0,"href":"https:\/\/www.redenoticia.com.br\/noticia\/wp-json\/wp\/v2\/posts\/83960\/revisions"}],"wp:featuredmedia":[{"embeddable":true,"href":"https:\/\/www.redenoticia.com.br\/noticia\/wp-json\/wp\/v2\/media\/35203"}],"wp:attachment":[{"href":"https:\/\/www.redenoticia.com.br\/noticia\/wp-json\/wp\/v2\/media?parent=83960"}],"wp:term":[{"taxonomy":"category","embeddable":true,"href":"https:\/\/www.redenoticia.com.br\/noticia\/wp-json\/wp\/v2\/categories?post=83960"},{"taxonomy":"post_tag","embeddable":true,"href":"https:\/\/www.redenoticia.com.br\/noticia\/wp-json\/wp\/v2\/tags?post=83960"}],"curies":[{"name":"wp","href":"https:\/\/api.w.org\/{rel}","templated":true}]}}