{"id":83958,"date":"2016-04-08T10:58:33","date_gmt":"2016-04-08T13:58:33","guid":{"rendered":"http:\/\/www.redenoticia.com.br\/noticia\/?p=83958"},"modified":"2016-04-07T16:56:56","modified_gmt":"2016-04-07T19:56:56","slug":"conab-revisa-previsao-e-safra-20152016-deve-chegar-a-209-milhoes-toneladas","status":"publish","type":"post","link":"https:\/\/www.redenoticia.com.br\/noticia\/2016\/conab-revisa-previsao-e-safra-20152016-deve-chegar-a-209-milhoes-toneladas\/83958","title":{"rendered":"Conab revisa previs\u00e3o e safra 2015\/2016 deve chegar a 209 milh\u00f5es toneladas"},"content":{"rendered":"<p> A <strong><em>produ\u00e7\u00e3o de gr\u00e3os da safra 2015\/2016<\/em><\/strong> deve chegar a 209 milh\u00f5es de toneladas \u2013 aumento de 0,6% (1,3 milh\u00f5es de toneladas) em rela\u00e7\u00e3o \u00e0 safra 2014\/2015, que alcan\u00e7ou 207,7 milh\u00f5es de toneladas. Os n\u00fameros s\u00e3o do 7\u00ba Levantamento da Safra de Gr\u00e3os da Companhia Nacional de Abastecimento (Conab). Houve redu\u00e7\u00e3o, por\u00e9m, de 0,6% em rela\u00e7\u00e3o ao sexto levantamento, que previa uma safra de 210,3 milh\u00f5es de toneladas de gr\u00e3os. Mesmo assim, a safra ser\u00e1 recorde. Segundo a Conab, a queda da previs\u00e3o se deve a adversidades clim\u00e1ticas nas fases finais das culturas.<\/p>\n<p>O diretor de Pol\u00edtica Agr\u00edcola e Informa\u00e7\u00f5es da Conab, Jo\u00e3o Marcelo Itini, explica que a redu\u00e7\u00e3o verificada est\u00e1 ligada \u00e0 produ\u00e7\u00e3o de soja. \u201cO desempenho da lavoura foi abaixo do que se imaginava em algumas regi\u00f5es, parte por excesso h\u00eddrico na regi\u00e3o centro-sul. E agora o desempenho vegetativo na safra na regi\u00e3o do Matopiba [Maranh\u00e3o, Tocantins, Piau\u00ed, Bahia] ainda est\u00e1 come\u00e7ando ou nem come\u00e7ou; o calend\u00e1rio est\u00e1 tardio, o deficit h\u00eddrico \u00e9 evidente, ent\u00e3o temos que adequar a produ\u00e7\u00e3o a esse cen\u00e1rio\u201d, disse. A regi\u00e3o de Matopiba \u00e9 caracterizada pela expans\u00e3o de uma fronteira agr\u00edcola baseada em tecnologias modernas de alta produtividade. A contribui\u00e7\u00e3o da regi\u00e3o para a produ\u00e7\u00e3o do pa\u00eds chega a 8%.<\/p>\n<p>Marcelo Itini explica, entretanto, que a curva decrescente na produ\u00e7\u00e3o era esperada e que a tend\u00eancia de anos anteriores \u00e9 que ela volte a crescer nos pr\u00f3ximos levantamentos. \u201cO espa\u00e7o para fazer a verifica\u00e7\u00e3o crescente dessa curva est\u00e1 no Matopiba, portanto vamos acompanhar o desempenho das lavouras l\u00e1 porque essa contribui\u00e7\u00e3o de 8% \u00e9 muito expressiva\u201d, disse.<\/p>\n<p>Mudan\u00e7as clim\u00e1ticas<\/p>\n<p>O presidente da Empresa Brasileira de Pesquisa Agropecu\u00e1ria (Embrapa), Maur\u00edcio Lopes, destacou que, \u00e0 medida que o Brasil passou a fazer plantios durante todo o ano, o tema clima e agricultura ganhou mais relev\u00e2ncia. \u201c[Adotamos] modelo de agricultura mais resiliente para fazer frente as mudan\u00e7as clim\u00e1ticas, que tendem a se acentuar.\u201d<\/p>\n<p>Para Lopes, variedade de cultivares de ciclo curto e pr\u00e1ticas de cultivo conservacionistas, como o plantio direto, ajudaram o Brasil a manter a produtividade. Ele destaca ainda os sistemas integrados. \u201cN\u00f3s acreditamos que esse se tornar\u00e1 o paradigma da agricultura no Brasil no futuro, integrar sistemas, ter lavoura-pecu\u00e1ria ou lavoura-pecu\u00e1ria-floresta. \u00c9 um caminho poderoso para o Brasil incorporar ao sistema produtivo as grandes \u00e1rea de pastos degradados que n\u00f3s ainda temos\u201d, ressaltou.<\/p>\n<p> O aumento da temperatura global, para o presidente da Embrapa, n\u00e3o significa a inviabilidade dos cultivos no Brasil, pois a ci\u00eancia vem aprimorando os sistemas produtivos. \u201cO Matopiba \u00e9 um exemplo. O Cerrado do Matopiba n\u00e3o \u00e9 mesmo Cerrado do Brasil central, ele j\u00e1 caminha na dire\u00e7\u00e3o do Semi\u00e1rido. A pesquisa est\u00e1 estudando aquela regi\u00e3o com cuidado, para gerar informa\u00e7\u00e3o e nos permitir desenvolver sistemas produtivos adaptados \u00e0queles desafios. Isso s\u00f3 foi poss\u00edvel em fun\u00e7\u00e3o da ci\u00eancia, de pol\u00edticas p\u00fablica e do empreendedorismo dos nossos produtores\u201d, disse Lopes.<\/p>\n<p>Gr\u00e3os<\/p>\n<p>Segundo o levantamento da Conab, a produ\u00e7\u00e3o de soja deve atingir 99 milh\u00f5es de toneladas, 2,9 milh\u00f5es a mais do que na safra anterior. O aumento foi poss\u00edvel por causa dos ganhos de \u00e1rea plantada de 3,2% ou 1 milh\u00e3o de hectares.<\/p>\n<p>J\u00e1 o milho chegar\u00e1 a 84,7 milh\u00f5es de toneladas, semelhante \u00e0 produ\u00e7\u00e3o de 2014\/2015. A previs\u00e3o para o milho primeira safra \u00e9 de redu\u00e7\u00e3o de 8,5% na produ\u00e7\u00e3o, com estimativa de 27,5 milh\u00f5es de toneladas, enquanto para o segunda safra a expectativa \u00e9 de crescimento de 4,7%, devendo atingir 57,1 milh\u00f5es e compensando a quebra do anterior.<\/p>\n<p>Segundo a Conab, o feij\u00e3o primeira safra recuperou a produtividade, o que deve se refletir em um aumento de 62,6 mil toneladas. A previs\u00e3o \u00e9 de um total de 1,2 milh\u00e3o de toneladas contra 1,1 milh\u00e3o da \u00faltima safra, apesar da queda de 3,8% na \u00e1rea plantada, que deve alcan\u00e7ar 1 milh\u00e3o de hectares.<\/p>\n<p>No caso do arroz, h\u00e1 expectativa de queda de 10,2% na produ\u00e7\u00e3o, em raz\u00e3o de uma \u00e1rea menor de plantio e a adversidades clim\u00e1ticas no Sul do pa\u00eds. As 12,4 milh\u00f5es de toneladas de 2014\/2015 ca\u00edram para 11,2 milh\u00f5es nesta safra.<\/p>\n<p>A \u00e1rea plantada prevista \u00e9 58,5 milh\u00f5es de hectares. O espa\u00e7o ocupado pelas principais culturas \u00e9 0,8% maior que o da safra 2014\/2015, um aumento de 464,4 mil hectares sobre as 57,9 milh\u00f5es anteriores. A soja \u00e9 a cultura que garante mais de 56% da \u00e1rea cultivada do pa\u00eds.<\/p>\n<p>A pesquisa da Conab foi realizada entre os dias 13 e 19 de mar\u00e7o.<\/p>\n<p>IBGE<\/p>\n<p>Nesta quinta-feira, o Instituto Brasileiro de Geografia e Estat\u00edstica (IBGE) tamb\u00e9m divulgou a estimativa para a safra de gr\u00e3os. De acordo com a entidade, ser\u00e3o colhidos 210 milh\u00f5es de toneladas, resultado 0,2% superior ao de 2015. A diferen\u00e7a entre os dados divulgados pelo IBGE e pela Conab se deve aos per\u00edodos avaliados. O instituto analisa a colheita de janeiro a dezembro, enquanto a Conab se baseia no ano-safra, que vai de agosto a julho do ano seguinte.<\/p>\n<p>Andreia Verd\u00e9lio \u2013 Rep\u00f3rter da Ag\u00eancia Brasil<br \/>\nEdi\u00e7\u00e3o: Talita Cavalcante<br \/>\n08\/04\/2016<\/p>\n","protected":false},"excerpt":{"rendered":"<p>A produ\u00e7\u00e3o de gr\u00e3os da safra 2015\/2016 deve chegar a 209 milh\u00f5es de toneladas \u2013 aumento de 0,6% (1,3 milh\u00f5es de toneladas) em rela\u00e7\u00e3o \u00e0 safra 2014\/2015, que alcan\u00e7ou 207,7 milh\u00f5es de toneladas. Os n\u00fameros s\u00e3o do 7\u00ba Levantamento da Safra de Gr\u00e3os da Companhia Nacional de Abastecimento (Conab). Houve redu\u00e7\u00e3o, por\u00e9m, de 0,6% em [&hellip;]<\/p>\n","protected":false},"author":2,"featured_media":57585,"comment_status":"open","ping_status":"closed","sticky":false,"template":"","format":"standard","meta":{"_genesis_hide_title":false,"_genesis_hide_breadcrumbs":false,"_genesis_hide_singular_image":false,"_genesis_hide_footer_widgets":false,"_genesis_custom_body_class":"","_genesis_custom_post_class":"","_genesis_layout":"","_jetpack_memberships_contains_paid_content":false,"footnotes":""},"categories":[22,7],"tags":[],"class_list":{"0":"post-83958","1":"post","2":"type-post","3":"status-publish","4":"format-standard","5":"has-post-thumbnail","7":"category-brasil","8":"category-economia","9":"entry","10":"gs-1","11":"gs-odd","12":"gs-even","13":"gs-featured-content-entry"},"jetpack_featured_media_url":"https:\/\/www.redenoticia.com.br\/noticia\/imagens\/analise-economia.jpg","jetpack_sharing_enabled":true,"jetpack_likes_enabled":true,"_links":{"self":[{"href":"https:\/\/www.redenoticia.com.br\/noticia\/wp-json\/wp\/v2\/posts\/83958","targetHints":{"allow":["GET"]}}],"collection":[{"href":"https:\/\/www.redenoticia.com.br\/noticia\/wp-json\/wp\/v2\/posts"}],"about":[{"href":"https:\/\/www.redenoticia.com.br\/noticia\/wp-json\/wp\/v2\/types\/post"}],"author":[{"embeddable":true,"href":"https:\/\/www.redenoticia.com.br\/noticia\/wp-json\/wp\/v2\/users\/2"}],"replies":[{"embeddable":true,"href":"https:\/\/www.redenoticia.com.br\/noticia\/wp-json\/wp\/v2\/comments?post=83958"}],"version-history":[{"count":0,"href":"https:\/\/www.redenoticia.com.br\/noticia\/wp-json\/wp\/v2\/posts\/83958\/revisions"}],"wp:featuredmedia":[{"embeddable":true,"href":"https:\/\/www.redenoticia.com.br\/noticia\/wp-json\/wp\/v2\/media\/57585"}],"wp:attachment":[{"href":"https:\/\/www.redenoticia.com.br\/noticia\/wp-json\/wp\/v2\/media?parent=83958"}],"wp:term":[{"taxonomy":"category","embeddable":true,"href":"https:\/\/www.redenoticia.com.br\/noticia\/wp-json\/wp\/v2\/categories?post=83958"},{"taxonomy":"post_tag","embeddable":true,"href":"https:\/\/www.redenoticia.com.br\/noticia\/wp-json\/wp\/v2\/tags?post=83958"}],"curies":[{"name":"wp","href":"https:\/\/api.w.org\/{rel}","templated":true}]}}