{"id":83956,"date":"2016-04-08T10:54:28","date_gmt":"2016-04-08T13:54:28","guid":{"rendered":"http:\/\/www.redenoticia.com.br\/noticia\/?p=83956"},"modified":"2016-04-07T16:55:30","modified_gmt":"2016-04-07T19:55:30","slug":"bancos-aumentam-provisoes-para-inadimplencia-em-cenario-adverso","status":"publish","type":"post","link":"https:\/\/www.redenoticia.com.br\/noticia\/2016\/bancos-aumentam-provisoes-para-inadimplencia-em-cenario-adverso\/83956","title":{"rendered":"Bancos aumentam provis\u00f5es para inadimpl\u00eancia em cen\u00e1rio adverso"},"content":{"rendered":"<p> Os bancos aumentaram as provis\u00f5es, recursos reservados para casos de calote, como prepara\u00e7\u00e3o para cen\u00e1rio econ\u00f4mico adverso, com perspectiva de baixo crescimento das concess\u00f5es e de aumento da <strong><em>inadimpl\u00eancia<\/em><\/strong>. A conclus\u00e3o est\u00e1 no Relat\u00f3rio de Estabilidade Financeira, divulgado pelo Banco Central (BC).<\/p>\n<p>Segundo o BC, a cobertura da inadimpl\u00eancia por provis\u00f5es \u201ccontinua adequada\u201d uma vez que a provis\u00e3o \u00e9, aproximadamente, 81% maior do que a inadimpl\u00eancia nos bancos privados e 56%, nos p\u00fablicos.<\/p>\n<p>O BC diz ainda que an\u00e1lises detalhadas indicam que os cr\u00e9ditos a empresas em recupera\u00e7\u00e3o judicial apresentam alta propor\u00e7\u00e3o de provisionamento, e as empresas expostas \u00e0 desvaloriza\u00e7\u00e3o cambial t\u00eam, em sua maioria, mecanismos de prote\u00e7\u00e3o para situa\u00e7\u00f5es de oscila\u00e7\u00e3o da cota\u00e7\u00e3o. \u201cEntretanto, esses temas seguem sob acompanhamento, dadas as perspectivas macroecon\u00f4micas futuras\u201d. O BC tamb\u00e9m diz que acompanha os efeitos sobre institui\u00e7\u00f5es do aumento do risco de cr\u00e9dito das empresas investigadas na opera\u00e7\u00e3o Lava Jato e o comportamento dos setores e respectivas cadeias produtivas mais vulner\u00e1veis ao cen\u00e1rio econ\u00f4mico.<\/p>\n<p>Rentabilidade<\/p>\n<p>O relat\u00f3rio do BC tamb\u00e9m mostra que a rentabilidade do sistema banc\u00e1rio aumentou, \u201cinfluenciada por resultados positivos dos bancos privados, com destaque para ajustes nas taxas de juros de concess\u00e3o, maior diversifica\u00e7\u00e3o de receitas e resultados n\u00e3o recorrentes [extraordin\u00e1rios]\u201d.<\/p>\n<p>O aumento da al\u00edquota da Contribui\u00e7\u00e3o Social sobre o Lucro L\u00edquido (CSLL) das institui\u00e7\u00f5es financeiras proporcionou ganhos cont\u00e1beis com ativa\u00e7\u00e3o de cr\u00e9ditos tribut\u00e1rios, acrescentou o BC.<\/p>\n<p>Segundo o banco, mesmo com a fraca demanda por cr\u00e9dito, os bancos aumentaram receitas com t\u00edtulos, tarifas banc\u00e1rias, cart\u00f5es e servi\u00e7os diversos. \u201cNesse cen\u00e1rio, o incremento da efici\u00eancia tem sido relevante para a manuten\u00e7\u00e3o dos \u00edndices de rentabilidade dos bancos nos \u00faltimos anos\u201d. Por\u00e9m, diz o BC, \u201ch\u00e1 menos espa\u00e7o para ganhos adicionais, com os bancos j\u00e1 demonstrando ligeira redu\u00e7\u00e3o na efici\u00eancia operacional\u201d.<\/p>\n<p>Para 2016, o BC diz que a perspectiva de baixo crescimento das concess\u00f5es continuar\u00e1 a reduzir a participa\u00e7\u00e3o do cr\u00e9dito na forma\u00e7\u00e3o do resultado dos bancos. \u201cAssim, segue a tend\u00eancia de maior contribui\u00e7\u00e3o das receitas de servi\u00e7os, seguros e cart\u00f5es na composi\u00e7\u00e3o do lucro l\u00edquido\u201d.<\/p>\n<p>O relat\u00f3rio do BC informa ainda que em simula\u00e7\u00f5es de situa\u00e7\u00f5es adversas, o sistema banc\u00e1rio brasileiro apresentou adequada capacidade de suportar tanto os efeitos de choques decorrentes de cen\u00e1rios macroecon\u00f4micos adversos \u2013 por seis trimestres consecutivos \u2013 quanto as mudan\u00e7as abruptas nas taxas de juros e de ca mbio, na inadimpl\u00eancia, ou quedas generalizadas dos pre\u00e7os dos im\u00f3veis residenciais. Embora, os efeitos n\u00e3o sejam homog\u00eaneos para todas as institui\u00e7\u00f5es.<\/p>\n<p>Kelly Oliveira \u2013 Rep\u00f3rter da Ag\u00eancia Brasil<br \/>\nEdi\u00e7\u00e3o: Maria Claudia<br \/>\n08\/04\/2016<\/p>\n","protected":false},"excerpt":{"rendered":"<p>Os bancos aumentaram as provis\u00f5es, recursos reservados para casos de calote, como prepara\u00e7\u00e3o para cen\u00e1rio econ\u00f4mico adverso, com perspectiva de baixo crescimento das concess\u00f5es e de aumento da inadimpl\u00eancia. A conclus\u00e3o est\u00e1 no Relat\u00f3rio de Estabilidade Financeira, divulgado pelo Banco Central (BC). Segundo o BC, a cobertura da inadimpl\u00eancia por provis\u00f5es \u201ccontinua adequada\u201d uma vez [&hellip;]<\/p>\n","protected":false},"author":2,"featured_media":57584,"comment_status":"open","ping_status":"closed","sticky":false,"template":"","format":"standard","meta":{"_genesis_hide_title":false,"_genesis_hide_breadcrumbs":false,"_genesis_hide_singular_image":false,"_genesis_hide_footer_widgets":false,"_genesis_custom_body_class":"","_genesis_custom_post_class":"","_genesis_layout":"","_jetpack_memberships_contains_paid_content":false,"footnotes":""},"categories":[22,7],"tags":[],"class_list":{"0":"post-83956","1":"post","2":"type-post","3":"status-publish","4":"format-standard","5":"has-post-thumbnail","7":"category-brasil","8":"category-economia","9":"entry","10":"gs-1","11":"gs-odd","12":"gs-even","13":"gs-featured-content-entry"},"jetpack_featured_media_url":"https:\/\/www.redenoticia.com.br\/noticia\/imagens\/economia-grafica-analise-inflacao.jpg","jetpack_sharing_enabled":true,"jetpack_likes_enabled":true,"_links":{"self":[{"href":"https:\/\/www.redenoticia.com.br\/noticia\/wp-json\/wp\/v2\/posts\/83956","targetHints":{"allow":["GET"]}}],"collection":[{"href":"https:\/\/www.redenoticia.com.br\/noticia\/wp-json\/wp\/v2\/posts"}],"about":[{"href":"https:\/\/www.redenoticia.com.br\/noticia\/wp-json\/wp\/v2\/types\/post"}],"author":[{"embeddable":true,"href":"https:\/\/www.redenoticia.com.br\/noticia\/wp-json\/wp\/v2\/users\/2"}],"replies":[{"embeddable":true,"href":"https:\/\/www.redenoticia.com.br\/noticia\/wp-json\/wp\/v2\/comments?post=83956"}],"version-history":[{"count":0,"href":"https:\/\/www.redenoticia.com.br\/noticia\/wp-json\/wp\/v2\/posts\/83956\/revisions"}],"wp:featuredmedia":[{"embeddable":true,"href":"https:\/\/www.redenoticia.com.br\/noticia\/wp-json\/wp\/v2\/media\/57584"}],"wp:attachment":[{"href":"https:\/\/www.redenoticia.com.br\/noticia\/wp-json\/wp\/v2\/media?parent=83956"}],"wp:term":[{"taxonomy":"category","embeddable":true,"href":"https:\/\/www.redenoticia.com.br\/noticia\/wp-json\/wp\/v2\/categories?post=83956"},{"taxonomy":"post_tag","embeddable":true,"href":"https:\/\/www.redenoticia.com.br\/noticia\/wp-json\/wp\/v2\/tags?post=83956"}],"curies":[{"name":"wp","href":"https:\/\/api.w.org\/{rel}","templated":true}]}}