{"id":83952,"date":"2016-04-08T10:50:59","date_gmt":"2016-04-08T13:50:59","guid":{"rendered":"http:\/\/www.redenoticia.com.br\/noticia\/?p=83952"},"modified":"2016-04-07T16:53:06","modified_gmt":"2016-04-07T19:53:06","slug":"produtos-comercializados-na-ceagesp-sobem-em-media-1039-em-marco","status":"publish","type":"post","link":"https:\/\/www.redenoticia.com.br\/noticia\/2016\/produtos-comercializados-na-ceagesp-sobem-em-media-1039-em-marco\/83952","title":{"rendered":"Produtos comercializados na Ceagesp sobem em m\u00e9dia 10,39% em mar\u00e7o"},"content":{"rendered":"<p> Os produtos comercializados na Companhia de Entrepostos e Armaz\u00e9ns Gerais de S\u00e3o Paulo (<strong><em>Ceagesp<\/em><\/strong>) subiram em m\u00e9dia 10,39% em mar\u00e7o em rela\u00e7\u00e3o a fevereiro \u00faltimo, com destaque para os segmentos de frutas (13,56%) e de verduras (16,26%). Nos tr\u00eas primeiros meses do ano, houve alta de 16,42% e, nos \u00faltimos 12 meses, aumento de 27,09%. O \u00cdndice Ceagesp, calculado desde 2009, refere-se \u00e0 varia\u00e7\u00e3o de pre\u00e7os de um conjunto de 150 itens.<\/p>\n<p>De acordo com a nota t\u00e9cnica da Ceagesp, entre janeiro e mar\u00e7o, tradicionalmente a oferta desses produtos sofre oscila\u00e7\u00f5es por causa do per\u00edodo das chuvas e do calor, que influenciam nos pre\u00e7os. \u201cAo que tudo indica, os transtornos causados pelas condi\u00e7\u00f5es clim\u00e1ticas dever\u00e3o perder for\u00e7a em abril\u201d, aponta a nota.<\/p>\n<p>A Ceagesp observou que, al\u00e9m das chuvas no Sul e Sudeste, a oferta tamb\u00e9m foi prejudicada pela estiagem na regi\u00e3o produtora de mam\u00e3o no Esp\u00edrito Santo. Em consequ\u00eancia, o mam\u00e3o formosa subiu 75,9% e o mam\u00e3o papaya, 40,8%. Outras frutas em alta: mel\u00e3o amarelo (44,7%), uva It\u00e1lia (42,5%) e banana prata (25,2%). J\u00e1 as principais quedas foram: maracuj\u00e1 azedo (-20,7%), kiwi (-9,1%), atem\u00f3ia (-6,4%) e abacaxi hava\u00ed (-5,95).<\/p>\n<p>Verduras em alta<\/p>\n<p>Entre as verduras, subiram os pre\u00e7os da couve-flor (80,5%), couve (62%), br\u00f3colis ninja (31,5%), alface crespa (26,8%), alface lisa (25,6%) e escarola (22,7%). No mesmo per\u00edodo, ca\u00edram os pre\u00e7os da erva-doce (-17,8%) e salsa (-13,7%).<\/p>\n<p>No setor de legumes, ocorreu eleva\u00e7\u00e3o m\u00e9dia de 0,29%. As maiores oscila\u00e7\u00f5es atingiram os seguintes itens: quiabo (28,3%), ab\u00f3bora japonesa (23,8%), abobrinha brasileira (21,8%), vagem macarr\u00e3o (21,7%) e pepino japon\u00eas (21,8%). E ca\u00edram os pre\u00e7os do car\u00e1 (-28,3%), chuchu (-25,6%), tomate cereja (-21%) e berinjela (-18,5%).<\/p>\n<p>No segmento de diversos (batata, alho, cebola, coco seco, ovos, gr\u00e3os secos), o consumidor pagou em m\u00e9dia 5,41% a mais. Entre os maiores aumentos est\u00e3o o milho de pipoca (21,6%), batata comum (13,6%) e ovos brancos (8,2%). Em movimento contr\u00e1rio, ficaram mais em conta o coco seco (-5,1%) e cebola nacional (-2,4%).<\/p>\n<p>Os pescados tiveram alta de 7,66%, mas alguns produtos deste setor subiram bem mais do que a m\u00e9dia, caso da betarra (37,2%), pescada (26,6%), robalo (14,9%), polvo (13,8%) e til\u00e1pia (10,2%).<\/p>\n<p>A Ceagesp indica que o consumidor est\u00e1 mais retra\u00eddo. O volume total comercializado caiu 7,22% na compara\u00e7\u00e3o com mar\u00e7o do ano passado ao passar de 299.617 toneladas para 277.997. No trimestre, foi constatada queda de 4,42% com 809.206 toneladas ante 846.613 em 2015.<\/p>\n<p>Marli Moreira &#8211; Rep\u00f3rter da Ag\u00eancia Brasil<br \/>\nEdi\u00e7\u00e3o: Kleber Sampaio<br \/>\n08\/04\/2016<\/p>\n","protected":false},"excerpt":{"rendered":"<p>Os produtos comercializados na Companhia de Entrepostos e Armaz\u00e9ns Gerais de S\u00e3o Paulo (Ceagesp) subiram em m\u00e9dia 10,39% em mar\u00e7o em rela\u00e7\u00e3o a fevereiro \u00faltimo, com destaque para os segmentos de frutas (13,56%) e de verduras (16,26%). Nos tr\u00eas primeiros meses do ano, houve alta de 16,42% e, nos \u00faltimos 12 meses, aumento de 27,09%. [&hellip;]<\/p>\n","protected":false},"author":2,"featured_media":38940,"comment_status":"open","ping_status":"closed","sticky":false,"template":"","format":"standard","meta":{"_genesis_hide_title":false,"_genesis_hide_breadcrumbs":false,"_genesis_hide_singular_image":false,"_genesis_hide_footer_widgets":false,"_genesis_custom_body_class":"","_genesis_custom_post_class":"","_genesis_layout":"","_jetpack_memberships_contains_paid_content":false,"footnotes":""},"categories":[22,7],"tags":[],"class_list":{"0":"post-83952","1":"post","2":"type-post","3":"status-publish","4":"format-standard","5":"has-post-thumbnail","7":"category-brasil","8":"category-economia","9":"entry","10":"gs-1","11":"gs-odd","12":"gs-even","13":"gs-featured-content-entry"},"jetpack_featured_media_url":"https:\/\/www.redenoticia.com.br\/noticia\/imagens\/grafico.jpg","jetpack_sharing_enabled":true,"jetpack_likes_enabled":true,"_links":{"self":[{"href":"https:\/\/www.redenoticia.com.br\/noticia\/wp-json\/wp\/v2\/posts\/83952","targetHints":{"allow":["GET"]}}],"collection":[{"href":"https:\/\/www.redenoticia.com.br\/noticia\/wp-json\/wp\/v2\/posts"}],"about":[{"href":"https:\/\/www.redenoticia.com.br\/noticia\/wp-json\/wp\/v2\/types\/post"}],"author":[{"embeddable":true,"href":"https:\/\/www.redenoticia.com.br\/noticia\/wp-json\/wp\/v2\/users\/2"}],"replies":[{"embeddable":true,"href":"https:\/\/www.redenoticia.com.br\/noticia\/wp-json\/wp\/v2\/comments?post=83952"}],"version-history":[{"count":0,"href":"https:\/\/www.redenoticia.com.br\/noticia\/wp-json\/wp\/v2\/posts\/83952\/revisions"}],"wp:featuredmedia":[{"embeddable":true,"href":"https:\/\/www.redenoticia.com.br\/noticia\/wp-json\/wp\/v2\/media\/38940"}],"wp:attachment":[{"href":"https:\/\/www.redenoticia.com.br\/noticia\/wp-json\/wp\/v2\/media?parent=83952"}],"wp:term":[{"taxonomy":"category","embeddable":true,"href":"https:\/\/www.redenoticia.com.br\/noticia\/wp-json\/wp\/v2\/categories?post=83952"},{"taxonomy":"post_tag","embeddable":true,"href":"https:\/\/www.redenoticia.com.br\/noticia\/wp-json\/wp\/v2\/tags?post=83952"}],"curies":[{"name":"wp","href":"https:\/\/api.w.org\/{rel}","templated":true}]}}