{"id":83906,"date":"2016-04-07T10:49:53","date_gmt":"2016-04-07T13:49:53","guid":{"rendered":"http:\/\/www.redenoticia.com.br\/noticia\/?p=83906"},"modified":"2016-04-06T19:50:55","modified_gmt":"2016-04-06T22:50:55","slug":"movimento-de-consumidores-nas-lojas-tem-queda-de-92","status":"publish","type":"post","link":"https:\/\/www.redenoticia.com.br\/noticia\/2016\/movimento-de-consumidores-nas-lojas-tem-queda-de-92\/83906","title":{"rendered":"Movimento de consumidores nas lojas tem queda de 9,2%"},"content":{"rendered":"<p> O <strong><em>movimento dos consumidores nas lojas<\/em><\/strong> de todo o pa\u00eds caiu 1,5% em mar\u00e7o deste ano na compara\u00e7\u00e3o com fevereiro e 9,2% em rela\u00e7\u00e3o ao mesmo per\u00edodo do ano passado. \u00c9 o que revela o Indicador Serasa Experian de Atividade do Com\u00e9rcio. Segundo o levantamento, este \u00e9 o pior trimestre da hist\u00f3ria do indicador, que come\u00e7ou a ser coletado em 2000.<\/p>\n<p>A maior queda, na compara\u00e7\u00e3o mensal, ocorreu no setor de m\u00f3veis, eletr\u00f4nicos e inform\u00e1tica. O \u00edndice foi ficou em 2,5% negativos em mar\u00e7o. O setor de supermercados, hipermercados, alimentos e bebidas caiu 1,5%.<\/p>\n<p>A maior alta foi no setor de tecidos, vestu\u00e1rio, cal\u00e7ados e acess\u00f3rios, que apresentou aumento de 0,6%, seguido pelo setor de ve\u00edculos, motos e pe\u00e7as, com alta de 0,6%.<\/p>\n<p>A maior queda, na compara\u00e7\u00e3o anual, \u00e9 do setor de ve\u00edculos, motos e pe\u00e7as, que caiu 20,4% no per\u00edodo. O \u00fanico setor que apresentou alta na compara\u00e7\u00e3o mar\u00e7o de 2016 e mar\u00e7o de 2015 foi o de combust\u00edveis e lubrificantes, com aumento de 4,4%.<\/p>\n<p>Entre janeiro e mar\u00e7o deste ano, a atividade varejista apresentou queda de 8,5% na compara\u00e7\u00e3o com o mesmo per\u00edodo de 2015.<\/p>\n<p>Para os economistas da Serasa Experian, a queda \u00e9 resultado do aumento do desemprego, das taxas de infla\u00e7\u00e3o elevadas, do cr\u00e9dito mais caro e do baixo grau de confian\u00e7a do consumidor.<\/p>\n<p>Elaine Patricia Cruz \u2013 Rep\u00f3rter da Ag\u00eancia Brasil<br \/>\nEdi\u00e7\u00e3o: Beto Coura<br \/>\n07\/04\/2016<\/p>\n","protected":false},"excerpt":{"rendered":"<p>O movimento dos consumidores nas lojas de todo o pa\u00eds caiu 1,5% em mar\u00e7o deste ano na compara\u00e7\u00e3o com fevereiro e 9,2% em rela\u00e7\u00e3o ao mesmo per\u00edodo do ano passado. \u00c9 o que revela o Indicador Serasa Experian de Atividade do Com\u00e9rcio. Segundo o levantamento, este \u00e9 o pior trimestre da hist\u00f3ria do indicador, que [&hellip;]<\/p>\n","protected":false},"author":2,"featured_media":38938,"comment_status":"open","ping_status":"closed","sticky":false,"template":"","format":"standard","meta":{"_genesis_hide_title":false,"_genesis_hide_breadcrumbs":false,"_genesis_hide_singular_image":false,"_genesis_hide_footer_widgets":false,"_genesis_custom_body_class":"","_genesis_custom_post_class":"","_genesis_layout":"","_jetpack_memberships_contains_paid_content":false,"footnotes":""},"categories":[22,7],"tags":[],"class_list":{"0":"post-83906","1":"post","2":"type-post","3":"status-publish","4":"format-standard","5":"has-post-thumbnail","7":"category-brasil","8":"category-economia","9":"entry","10":"gs-1","11":"gs-odd","12":"gs-even","13":"gs-featured-content-entry"},"jetpack_featured_media_url":"https:\/\/www.redenoticia.com.br\/noticia\/imagens\/economia1.jpg","jetpack_sharing_enabled":true,"jetpack_likes_enabled":true,"_links":{"self":[{"href":"https:\/\/www.redenoticia.com.br\/noticia\/wp-json\/wp\/v2\/posts\/83906","targetHints":{"allow":["GET"]}}],"collection":[{"href":"https:\/\/www.redenoticia.com.br\/noticia\/wp-json\/wp\/v2\/posts"}],"about":[{"href":"https:\/\/www.redenoticia.com.br\/noticia\/wp-json\/wp\/v2\/types\/post"}],"author":[{"embeddable":true,"href":"https:\/\/www.redenoticia.com.br\/noticia\/wp-json\/wp\/v2\/users\/2"}],"replies":[{"embeddable":true,"href":"https:\/\/www.redenoticia.com.br\/noticia\/wp-json\/wp\/v2\/comments?post=83906"}],"version-history":[{"count":0,"href":"https:\/\/www.redenoticia.com.br\/noticia\/wp-json\/wp\/v2\/posts\/83906\/revisions"}],"wp:featuredmedia":[{"embeddable":true,"href":"https:\/\/www.redenoticia.com.br\/noticia\/wp-json\/wp\/v2\/media\/38938"}],"wp:attachment":[{"href":"https:\/\/www.redenoticia.com.br\/noticia\/wp-json\/wp\/v2\/media?parent=83906"}],"wp:term":[{"taxonomy":"category","embeddable":true,"href":"https:\/\/www.redenoticia.com.br\/noticia\/wp-json\/wp\/v2\/categories?post=83906"},{"taxonomy":"post_tag","embeddable":true,"href":"https:\/\/www.redenoticia.com.br\/noticia\/wp-json\/wp\/v2\/tags?post=83906"}],"curies":[{"name":"wp","href":"https:\/\/api.w.org\/{rel}","templated":true}]}}