{"id":83826,"date":"2016-04-06T10:49:29","date_gmt":"2016-04-06T13:49:29","guid":{"rendered":"http:\/\/www.redenoticia.com.br\/noticia\/?p=83826"},"modified":"2016-04-05T22:50:28","modified_gmt":"2016-04-06T01:50:28","slug":"energia-vai-ficar-mais-cara-em-sao-paulo-mato-grosso-e-mato-grosso-do-sul","status":"publish","type":"post","link":"https:\/\/www.redenoticia.com.br\/noticia\/2016\/energia-vai-ficar-mais-cara-em-sao-paulo-mato-grosso-e-mato-grosso-do-sul\/83826","title":{"rendered":"Energia vai ficar mais cara em S\u00e3o Paulo, Mato Grosso e Mato Grosso do Sul"},"content":{"rendered":"<p> A Ag\u00eancia Nacional de Energia El\u00e9trica (Aneel) aprovou o <em><strong>reajuste tarif\u00e1rio<\/strong><\/em> para as distribuidoras CPFL Paulista, Energisa Mato Grosso e Energisa Mato Grosso do Sul. Os novos valores ser\u00e3o aplicados a partir da pr\u00f3xima sexta-feira (8).<\/p>\n<p>Os consumidores residenciais atendidos pela Companhia Paulista de For\u00e7a e Luz (CPFL Paulista) ter\u00e3o um aumento de 6,55% na conta de luz. Para as ind\u00fastrias, o reajuste ser\u00e1 de 6,56%. A distribuidora fornece energia para 4,2 milh\u00f5es de unidades consumidoras localizadas em 234 munic\u00edpios do interior de S\u00e3o Paulo.<\/p>\n<p>Para a concession\u00e1ria Energisa Mato Grosso (EMT), que atende 1,3 milh\u00e3o de unidades consumidoras sediadas em 141 munic\u00edpios, o aumento ser\u00e1 de 9,12% para os consumidores residenciais e de 7,58% para as ind\u00fastrias.<\/p>\n<p>Para os consumidores residenciais da Energisa Mato Grosso do Sul (EMS), a eleva\u00e7\u00e3o ser\u00e1 de 7,38% e para a ind\u00fastria, de 6,75%. A distribuidora atende 970 mil unidades consumidoras em 73 munic\u00edpios do Mato Grosso do Sul.<\/p>\n<p>Segundo a Aneel, o c\u00e1lculo do reajuste considera a varia\u00e7\u00e3o de custos associados \u00e0 presta\u00e7\u00e3o do servi\u00e7o. O c\u00e1lculo leva em conta a aquisi\u00e7\u00e3o e a transmiss\u00e3o de energia el\u00e9trica, al\u00e9m dos encargos setoriais. Os custos t\u00edpicos da atividade de distribui\u00e7\u00e3o s\u00e3o atualizados com base no IGP-M &#8211; \u00cdndice Geral de Pre\u00e7os do Mercado.<\/p>\n<p>Sabrina Craide &#8211; Rep\u00f3rter da Ag\u00eancia Brasil<br \/>\nEdi\u00e7\u00e3o: Kleber Sampaio<br \/>\n06\/04\/2016<\/p>\n","protected":false},"excerpt":{"rendered":"<p>A Ag\u00eancia Nacional de Energia El\u00e9trica (Aneel) aprovou o reajuste tarif\u00e1rio para as distribuidoras CPFL Paulista, Energisa Mato Grosso e Energisa Mato Grosso do Sul. Os novos valores ser\u00e3o aplicados a partir da pr\u00f3xima sexta-feira (8). Os consumidores residenciais atendidos pela Companhia Paulista de For\u00e7a e Luz (CPFL Paulista) ter\u00e3o um aumento de 6,55% na [&hellip;]<\/p>\n","protected":false},"author":2,"featured_media":40734,"comment_status":"open","ping_status":"closed","sticky":false,"template":"","format":"standard","meta":{"_genesis_hide_title":false,"_genesis_hide_breadcrumbs":false,"_genesis_hide_singular_image":false,"_genesis_hide_footer_widgets":false,"_genesis_custom_body_class":"","_genesis_custom_post_class":"","_genesis_layout":"","_jetpack_memberships_contains_paid_content":false,"footnotes":""},"categories":[22,7],"tags":[],"class_list":{"0":"post-83826","1":"post","2":"type-post","3":"status-publish","4":"format-standard","5":"has-post-thumbnail","7":"category-brasil","8":"category-economia","9":"entry","10":"gs-1","11":"gs-odd","12":"gs-even","13":"gs-featured-content-entry"},"jetpack_featured_media_url":"https:\/\/www.redenoticia.com.br\/noticia\/imagens\/economia-resultados.jpg","jetpack_sharing_enabled":true,"jetpack_likes_enabled":true,"_links":{"self":[{"href":"https:\/\/www.redenoticia.com.br\/noticia\/wp-json\/wp\/v2\/posts\/83826","targetHints":{"allow":["GET"]}}],"collection":[{"href":"https:\/\/www.redenoticia.com.br\/noticia\/wp-json\/wp\/v2\/posts"}],"about":[{"href":"https:\/\/www.redenoticia.com.br\/noticia\/wp-json\/wp\/v2\/types\/post"}],"author":[{"embeddable":true,"href":"https:\/\/www.redenoticia.com.br\/noticia\/wp-json\/wp\/v2\/users\/2"}],"replies":[{"embeddable":true,"href":"https:\/\/www.redenoticia.com.br\/noticia\/wp-json\/wp\/v2\/comments?post=83826"}],"version-history":[{"count":0,"href":"https:\/\/www.redenoticia.com.br\/noticia\/wp-json\/wp\/v2\/posts\/83826\/revisions"}],"wp:featuredmedia":[{"embeddable":true,"href":"https:\/\/www.redenoticia.com.br\/noticia\/wp-json\/wp\/v2\/media\/40734"}],"wp:attachment":[{"href":"https:\/\/www.redenoticia.com.br\/noticia\/wp-json\/wp\/v2\/media?parent=83826"}],"wp:term":[{"taxonomy":"category","embeddable":true,"href":"https:\/\/www.redenoticia.com.br\/noticia\/wp-json\/wp\/v2\/categories?post=83826"},{"taxonomy":"post_tag","embeddable":true,"href":"https:\/\/www.redenoticia.com.br\/noticia\/wp-json\/wp\/v2\/tags?post=83826"}],"curies":[{"name":"wp","href":"https:\/\/api.w.org\/{rel}","templated":true}]}}