{"id":83824,"date":"2016-04-06T10:48:27","date_gmt":"2016-04-06T13:48:27","guid":{"rendered":"http:\/\/www.redenoticia.com.br\/noticia\/?p=83824"},"modified":"2016-04-05T22:49:25","modified_gmt":"2016-04-06T01:49:25","slug":"numero-de-recuperacoes-judiciais-tem-alta-de-114-no-primeiro-trimestre","status":"publish","type":"post","link":"https:\/\/www.redenoticia.com.br\/noticia\/2016\/numero-de-recuperacoes-judiciais-tem-alta-de-114-no-primeiro-trimestre\/83824","title":{"rendered":"N\u00famero de recupera\u00e7\u00f5es judiciais tem alta de 114% no primeiro trimestre"},"content":{"rendered":"<p> O n\u00famero de <em><strong>recupera\u00e7\u00f5es judiciai<\/strong><\/em>s requeridas no primeiro trimestre de 2016 foi 114,1% superior ao registrado no mesmo per\u00edodo do ano passado, segundo o Indicador Serasa Experian de Fal\u00eancias e Recupera\u00e7\u00f5es.<\/p>\n<p>Neste primeiro trimestre do ano, foram 409 ocorr\u00eancias, ante 191 apuradas entre janeiro e mar\u00e7o de 2015. O resultado \u00e9 o maior para o acumulado do primeiro trimestre desde 2006, ap\u00f3s a entrada em vigor da Nova Lei de Fal\u00eancias, em junho de 2005, informou a Serasa Experian.<\/p>\n<p>As micro e pequenas empresas lideraram os pedidos de recupera\u00e7\u00e3o judicial, que \u00e9 uma medida para evitar a fal\u00eancia. De janeiro a mar\u00e7o de 2016 foram 229 pedidos. As pequenas foram seguidas pelas m\u00e9dias (109) e pelas grandes empresas (71).<\/p>\n<p>Segundo os economistas da Serasa Experian, \u201co prolongamento e a amplia\u00e7\u00e3o do atual quadro recessivo da economia brasileira, aliada \u00e0 eleva\u00e7\u00e3o dos custos operacionais e financeiros, tem levado a recordes mensais consecutivos dos requerimentos de recupera\u00e7\u00f5es judiciais\u201d.<\/p>\n<p>Fal\u00eancias<\/p>\n<p>Ainda de acordo com a Serasa Experian, nos tr\u00eas primeiros meses do ano foram apresentados 391 pedidos de fal\u00eancias no pa\u00eds, um aumento de 14,3% em rela\u00e7\u00e3o a igual per\u00edodo de 2015, quando foram registrados 342.<\/p>\n<p>Do total de requerimentos de fal\u00eancia feitos de janeiro a mar\u00e7o de 2016, 192 foram de micro e pequenas empresas, ante 179 em igual per\u00edodo de 2015. Foram 98 pedidos de m\u00e9dias empresas (em igual per\u00edodo do ano passado, 77) e 101 pedidos de grandes empresas (em 2015, 86).<\/p>\n<p>As micro e pequenas empresas foram respons\u00e1veis pelo maior n\u00famero de pedidos de fal\u00eancia em mar\u00e7o de 2016, chegando a 69. Em seguida, as m\u00e9dias, com 41, e grandes empresas, com 48.<\/p>\n<p>Camila Boehm \u2013 Rep\u00f3rter da Ag\u00eancia Brasil<br \/>\nEdi\u00e7\u00e3o: Beto Coura<br \/>\n06\/04\/2016<\/p>\n","protected":false},"excerpt":{"rendered":"<p>O n\u00famero de recupera\u00e7\u00f5es judiciais requeridas no primeiro trimestre de 2016 foi 114,1% superior ao registrado no mesmo per\u00edodo do ano passado, segundo o Indicador Serasa Experian de Fal\u00eancias e Recupera\u00e7\u00f5es. Neste primeiro trimestre do ano, foram 409 ocorr\u00eancias, ante 191 apuradas entre janeiro e mar\u00e7o de 2015. O resultado \u00e9 o maior para o [&hellip;]<\/p>\n","protected":false},"author":2,"featured_media":57582,"comment_status":"open","ping_status":"closed","sticky":false,"template":"","format":"standard","meta":{"_genesis_hide_title":false,"_genesis_hide_breadcrumbs":false,"_genesis_hide_singular_image":false,"_genesis_hide_footer_widgets":false,"_genesis_custom_body_class":"","_genesis_custom_post_class":"","_genesis_layout":"","_jetpack_memberships_contains_paid_content":false,"footnotes":""},"categories":[22,7],"tags":[],"class_list":{"0":"post-83824","1":"post","2":"type-post","3":"status-publish","4":"format-standard","5":"has-post-thumbnail","7":"category-brasil","8":"category-economia","9":"entry","10":"gs-1","11":"gs-odd","12":"gs-even","13":"gs-featured-content-entry"},"jetpack_featured_media_url":"https:\/\/www.redenoticia.com.br\/noticia\/imagens\/grafico1.jpg","jetpack_sharing_enabled":true,"jetpack_likes_enabled":true,"_links":{"self":[{"href":"https:\/\/www.redenoticia.com.br\/noticia\/wp-json\/wp\/v2\/posts\/83824","targetHints":{"allow":["GET"]}}],"collection":[{"href":"https:\/\/www.redenoticia.com.br\/noticia\/wp-json\/wp\/v2\/posts"}],"about":[{"href":"https:\/\/www.redenoticia.com.br\/noticia\/wp-json\/wp\/v2\/types\/post"}],"author":[{"embeddable":true,"href":"https:\/\/www.redenoticia.com.br\/noticia\/wp-json\/wp\/v2\/users\/2"}],"replies":[{"embeddable":true,"href":"https:\/\/www.redenoticia.com.br\/noticia\/wp-json\/wp\/v2\/comments?post=83824"}],"version-history":[{"count":0,"href":"https:\/\/www.redenoticia.com.br\/noticia\/wp-json\/wp\/v2\/posts\/83824\/revisions"}],"wp:featuredmedia":[{"embeddable":true,"href":"https:\/\/www.redenoticia.com.br\/noticia\/wp-json\/wp\/v2\/media\/57582"}],"wp:attachment":[{"href":"https:\/\/www.redenoticia.com.br\/noticia\/wp-json\/wp\/v2\/media?parent=83824"}],"wp:term":[{"taxonomy":"category","embeddable":true,"href":"https:\/\/www.redenoticia.com.br\/noticia\/wp-json\/wp\/v2\/categories?post=83824"},{"taxonomy":"post_tag","embeddable":true,"href":"https:\/\/www.redenoticia.com.br\/noticia\/wp-json\/wp\/v2\/tags?post=83824"}],"curies":[{"name":"wp","href":"https:\/\/api.w.org\/{rel}","templated":true}]}}