{"id":83822,"date":"2016-04-06T10:46:27","date_gmt":"2016-04-06T13:46:27","guid":{"rendered":"http:\/\/www.redenoticia.com.br\/noticia\/?p=83822"},"modified":"2016-04-05T22:48:22","modified_gmt":"2016-04-06T01:48:22","slug":"cerca-de-6-mil-pessoas-buscaram-emprego-temporario-nos-jogos-olimpicos","status":"publish","type":"post","link":"https:\/\/www.redenoticia.com.br\/noticia\/2016\/cerca-de-6-mil-pessoas-buscaram-emprego-temporario-nos-jogos-olimpicos\/83822","title":{"rendered":"Cerca de 6 mil pessoas buscaram emprego tempor\u00e1rio nos Jogos Ol\u00edmpicos"},"content":{"rendered":"<p> Cerca de 6 mil pessoas estiveram na quadra da Escola de Samba Portela, no Rio de Janeiro, para se cadastrarem para vaga de emprego. No local, 19 empresas abriram 11 mil vagas, sendo 8 mil tempor\u00e1rias para os <em><strong>Jogos Ol\u00edmpicos<\/strong><\/em>, que come\u00e7am em agosto. A empresa Manpower, respons\u00e1vel oficial pela contrata\u00e7\u00e3o de m\u00e3o de obra para o Comit\u00ea Organizador da Rio 2016, est\u00e1 recrutando, principalmente, trabalhadores para os servi\u00e7os de alimenta\u00e7\u00e3o. Duas vezes por m\u00eas, a escola promove o projeto Portela d\u00e1 Trabalho, quando empresas ofertam vagas de trabalho. Hoje, pela primeira vez, foram colocadas vagas para a Olimp\u00edada, o que, segundo os organizadores, aumentou a procura.<\/p>\n<p>Algumas pessoas chegaram \u00e0 noite e dormiram na porta da escola, portando documentos e curr\u00edculo, para n\u00e3o perder a chance de se cadastrar. Logo cedo, a fila dava volta no quarteir\u00e3o. Uma mulher desmaiou e foi amparada por outras pessoas que estavam na fila. Apesar do grande n\u00famero de interessados e o tempo de espera de at\u00e9 4 horas, candidatos foram recebidos com tranquilidade.<\/p>\n<p> Ao entrar na sede da Portela, o candidato podia escolher em qual das 19 empresas participantes preferia se cadastrar e para qual vaga, de acordo com a experi\u00eancia e n\u00edvel de escolaridade. Os sal\u00e1rios variam conforme a fun\u00e7\u00e3o e podem chegar a R$ 6 mil para n\u00edvel superior.<\/p>\n<p>Muitos que estavam na fila relataram que est\u00e3o desempregados desde 2015 e acreditam que ter\u00e3o \u201csorte\u201d se conseguirem ser contratados. \u201cFico vendo no jornal: 9 milh\u00f5es de desempregados. Isso desanima qualquer um, n\u00e9? Mas para Deus nada \u00e9 imposs\u00edvel\u201d, desabafou Paulo C\u00e9sar Moreira de Lima, de 67 anos, porteiro at\u00e9 agosto passado. Ele se referia a taxa de desemprego do pa\u00eds, que atingiu 9,5% nos tr\u00eas primeiros meses do ano, segundo o Instituto Brasileiro de Geografia e Estat\u00edstica (IBGE). O resultado foi influenciado pela demiss\u00e3o de profissionais tempor\u00e1rios, contratados pelo com\u00e9rcio, para trabalhar no Natal de 2015.<\/p>\n<p>No evento de hoje, a maioria dos postos era para com\u00e9rcio. A jovem Taiane Rodrigues, de 22 anos, torce para ter o primeiro emprego e se inscreveu para vagas de atendente ou operadora de caixa de supermercado. Com n\u00edvel m\u00e9dio completo, ela chegou \u00e0s 7h. \u201cAgora, estou confiando na sorte, porque \u00e9 muita gente\u201d, disse.<\/p>\n<p>J\u00e1 a nutricionista Fernanda Coutinho, de 24 anos, que terminou a faculdade no \u00faltimo ano, espera conseguir uma das vagas para a Olimp\u00edada, como uma oportunidade de entrar no mercado. Ela tamb\u00e9m est\u00e1 atr\u00e1s do primeiro emprego. \u201cMuita empresa n\u00e3o aceita est\u00e1gio, mas como aqui \u00e9 para um evento de grande porte, de repente, precisam de mais gente e pode ser mais f\u00e1cil\u201d.<\/p>\n<p>Um dos coordenadores do projeto Portela d\u00e1 Trabalho, Fernando Lobo, antecipou que o maior n\u00famero de vagas \u00e9 para camareira e auxiliar de servi\u00e7os gerais. \u201cToda essa parte de hot\u00e9is e restaurantes temos vagas para pessoas com n\u00edvel fundamental at\u00e9 recepcionista bil\u00edngue\u201d.<\/p>\n<p>Isabela Vieira \u2013 Rep\u00f3rter da Ag\u00eancia Brasil<br \/>\nEdi\u00e7\u00e3o: Carolina Pimentel<br \/>\n06\/04\/2016<\/p>\n","protected":false},"excerpt":{"rendered":"<p>Cerca de 6 mil pessoas estiveram na quadra da Escola de Samba Portela, no Rio de Janeiro, para se cadastrarem para vaga de emprego. No local, 19 empresas abriram 11 mil vagas, sendo 8 mil tempor\u00e1rias para os Jogos Ol\u00edmpicos, que come\u00e7am em agosto. A empresa Manpower, respons\u00e1vel oficial pela contrata\u00e7\u00e3o de m\u00e3o de obra [&hellip;]<\/p>\n","protected":false},"author":2,"featured_media":39880,"comment_status":"open","ping_status":"closed","sticky":false,"template":"","format":"standard","meta":{"_genesis_hide_title":false,"_genesis_hide_breadcrumbs":false,"_genesis_hide_singular_image":false,"_genesis_hide_footer_widgets":false,"_genesis_custom_body_class":"","_genesis_custom_post_class":"","_genesis_layout":"","_jetpack_memberships_contains_paid_content":false,"footnotes":""},"categories":[22],"tags":[],"class_list":{"0":"post-83822","1":"post","2":"type-post","3":"status-publish","4":"format-standard","5":"has-post-thumbnail","7":"category-brasil","8":"entry","9":"gs-1","10":"gs-odd","11":"gs-even","12":"gs-featured-content-entry"},"jetpack_featured_media_url":"https:\/\/www.redenoticia.com.br\/noticia\/imagens\/olimpiadas.jpg","jetpack_sharing_enabled":true,"jetpack_likes_enabled":true,"_links":{"self":[{"href":"https:\/\/www.redenoticia.com.br\/noticia\/wp-json\/wp\/v2\/posts\/83822","targetHints":{"allow":["GET"]}}],"collection":[{"href":"https:\/\/www.redenoticia.com.br\/noticia\/wp-json\/wp\/v2\/posts"}],"about":[{"href":"https:\/\/www.redenoticia.com.br\/noticia\/wp-json\/wp\/v2\/types\/post"}],"author":[{"embeddable":true,"href":"https:\/\/www.redenoticia.com.br\/noticia\/wp-json\/wp\/v2\/users\/2"}],"replies":[{"embeddable":true,"href":"https:\/\/www.redenoticia.com.br\/noticia\/wp-json\/wp\/v2\/comments?post=83822"}],"version-history":[{"count":0,"href":"https:\/\/www.redenoticia.com.br\/noticia\/wp-json\/wp\/v2\/posts\/83822\/revisions"}],"wp:featuredmedia":[{"embeddable":true,"href":"https:\/\/www.redenoticia.com.br\/noticia\/wp-json\/wp\/v2\/media\/39880"}],"wp:attachment":[{"href":"https:\/\/www.redenoticia.com.br\/noticia\/wp-json\/wp\/v2\/media?parent=83822"}],"wp:term":[{"taxonomy":"category","embeddable":true,"href":"https:\/\/www.redenoticia.com.br\/noticia\/wp-json\/wp\/v2\/categories?post=83822"},{"taxonomy":"post_tag","embeddable":true,"href":"https:\/\/www.redenoticia.com.br\/noticia\/wp-json\/wp\/v2\/tags?post=83822"}],"curies":[{"name":"wp","href":"https:\/\/api.w.org\/{rel}","templated":true}]}}