{"id":83717,"date":"2016-04-05T10:19:18","date_gmt":"2016-04-05T13:19:18","guid":{"rendered":"http:\/\/www.redenoticia.com.br\/noticia\/?p=83717"},"modified":"2016-04-04T16:21:16","modified_gmt":"2016-04-04T19:21:16","slug":"adesao-ao-regime-especial-de-regularizacao-cambial-e-tributaria","status":"publish","type":"post","link":"https:\/\/www.redenoticia.com.br\/noticia\/2016\/adesao-ao-regime-especial-de-regularizacao-cambial-e-tributaria\/83717","title":{"rendered":"Ades\u00e3o ao regime Especial de Regulariza\u00e7\u00e3o Cambial e Tribut\u00e1ria"},"content":{"rendered":"<p>Ades\u00e3o ao <strong><em>Regime Especial de Regulariza\u00e7\u00e3o Cambial e Tribut\u00e1ria<\/em><\/strong> (RERCT): conhecida como Lei da Repatria\u00e7\u00e3o, ela permite a regulariza\u00e7\u00e3o de recursos, bens ou direitos remetidos ou mantidos no exterior ou repatriados por residentes ou domiciliados no pa\u00eds, que n\u00e3o tenham sido declarados ou que tenham sido declarados incorretamente.<\/p>\n<p>O regime foi estabelecido pela  e regulamentado pela  . Bens, recursos e direitos devem ser provenientes de atividade l\u00edcita, conforme a lei.<\/p>\n<p>Em troca da anistia de crimes relacionados \u00e0 evas\u00e3o de divisas, o contribuinte pagar\u00e1 15% de Imposto de Renda e 15% de multa, totalizando 30% do valor repatriado. No primeiro momento. h\u00e1 uma presun\u00e7\u00e3o de boa-f\u00e9, mas futuramente, havendo d\u00favida sobre a origem dos recursos, o contribuinte poder\u00e1 ser convocado para prestar esclarecimentos.\u00a0 A estimativa de arrecada\u00e7\u00e3o \u00e9 de R$ 21 bilh\u00f5es neste ano.<\/p>\n<p>A declara\u00e7\u00e3o deve ser volunt\u00e1ria e informar fato novo, que n\u00e3o tenha sido objeto de lan\u00e7amento, e dever\u00e1 ser preenchida por meio de formul\u00e1rio eletr\u00f4nico no . A data limite para ades\u00e3o ao regime \u00e9 31 de outubro de 2016.<\/p>\n<p>Para esclarecimentos, a Receita Federal divulgou uma \u00a0e. O formul\u00e1rio deve ser preenchido por meio do .<\/p>\n<p>Da Ag\u00eancia Brasil<br \/>\nEdi\u00e7\u00e3o: Gra\u00e7a Adjuto<br \/>\n05\/04\/2016<\/p>\n","protected":false},"excerpt":{"rendered":"<p>Ades\u00e3o ao Regime Especial de Regulariza\u00e7\u00e3o Cambial e Tribut\u00e1ria (RERCT): conhecida como Lei da Repatria\u00e7\u00e3o, ela permite a regulariza\u00e7\u00e3o de recursos, bens ou direitos remetidos ou mantidos no exterior ou repatriados por residentes ou domiciliados no pa\u00eds, que n\u00e3o tenham sido declarados ou que tenham sido declarados incorretamente. O regime foi estabelecido pela e regulamentado [&hellip;]<\/p>\n","protected":false},"author":2,"featured_media":57584,"comment_status":"open","ping_status":"closed","sticky":false,"template":"","format":"standard","meta":{"_genesis_hide_title":false,"_genesis_hide_breadcrumbs":false,"_genesis_hide_singular_image":false,"_genesis_hide_footer_widgets":false,"_genesis_custom_body_class":"","_genesis_custom_post_class":"","_genesis_layout":"","_jetpack_memberships_contains_paid_content":false,"footnotes":""},"categories":[22,7],"tags":[],"class_list":{"0":"post-83717","1":"post","2":"type-post","3":"status-publish","4":"format-standard","5":"has-post-thumbnail","7":"category-brasil","8":"category-economia","9":"entry","10":"gs-1","11":"gs-odd","12":"gs-even","13":"gs-featured-content-entry"},"jetpack_featured_media_url":"https:\/\/www.redenoticia.com.br\/noticia\/imagens\/economia-grafica-analise-inflacao.jpg","jetpack_sharing_enabled":true,"jetpack_likes_enabled":true,"_links":{"self":[{"href":"https:\/\/www.redenoticia.com.br\/noticia\/wp-json\/wp\/v2\/posts\/83717","targetHints":{"allow":["GET"]}}],"collection":[{"href":"https:\/\/www.redenoticia.com.br\/noticia\/wp-json\/wp\/v2\/posts"}],"about":[{"href":"https:\/\/www.redenoticia.com.br\/noticia\/wp-json\/wp\/v2\/types\/post"}],"author":[{"embeddable":true,"href":"https:\/\/www.redenoticia.com.br\/noticia\/wp-json\/wp\/v2\/users\/2"}],"replies":[{"embeddable":true,"href":"https:\/\/www.redenoticia.com.br\/noticia\/wp-json\/wp\/v2\/comments?post=83717"}],"version-history":[{"count":0,"href":"https:\/\/www.redenoticia.com.br\/noticia\/wp-json\/wp\/v2\/posts\/83717\/revisions"}],"wp:featuredmedia":[{"embeddable":true,"href":"https:\/\/www.redenoticia.com.br\/noticia\/wp-json\/wp\/v2\/media\/57584"}],"wp:attachment":[{"href":"https:\/\/www.redenoticia.com.br\/noticia\/wp-json\/wp\/v2\/media?parent=83717"}],"wp:term":[{"taxonomy":"category","embeddable":true,"href":"https:\/\/www.redenoticia.com.br\/noticia\/wp-json\/wp\/v2\/categories?post=83717"},{"taxonomy":"post_tag","embeddable":true,"href":"https:\/\/www.redenoticia.com.br\/noticia\/wp-json\/wp\/v2\/tags?post=83717"}],"curies":[{"name":"wp","href":"https:\/\/api.w.org\/{rel}","templated":true}]}}