{"id":83644,"date":"2016-04-04T10:46:47","date_gmt":"2016-04-04T13:46:47","guid":{"rendered":"http:\/\/www.redenoticia.com.br\/noticia\/?p=83644"},"modified":"2016-04-03T16:47:36","modified_gmt":"2016-04-03T19:47:36","slug":"cni-pessimismo-dos-consumidores-aumenta-em-marco","status":"publish","type":"post","link":"https:\/\/www.redenoticia.com.br\/noticia\/2016\/cni-pessimismo-dos-consumidores-aumenta-em-marco\/83644","title":{"rendered":"CNI: pessimismo dos consumidores aumenta em mar\u00e7o"},"content":{"rendered":"<p> O \u00cdndice Nacional de <strong><em>Expectativa do Consumidor<\/em><\/strong> (Inec), que sintetiza o sentimento dos brasileiros com rela\u00e7\u00e3o \u00e0 situa\u00e7\u00e3o e \u00e0s expectativas econ\u00f4micas, apresentou queda de 1,1% na passagem de fevereiro para mar\u00e7o, informou a Confedera\u00e7\u00e3o Nacional da Ind\u00fastria (CNI), com base em pesquisa. Quanto menor o \u00edndice, mais pessimista \u00e9 a avalia\u00e7\u00e3o dos consumidores.<\/p>\n<p>Com a queda registrada em mar\u00e7o, o \u00edndice volta a indicar aumento do pessimismo do consumidor ap\u00f3s dois meses. O indicador, que registrou 97,6 pontos, est\u00e1 11% abaixo da m\u00e9dia hist\u00f3rica (109,3 pontos).<\/p>\n<p>O indicador de desemprego teve queda de 6,1% entre fevereiro e mar\u00e7o. Dos seis componentes do Inec, outros dois tamb\u00e9m apresentaram queda em mar\u00e7o ante fevereiro.<\/p>\n<p>O indicador de situa\u00e7\u00e3o financeira &#8211; na compara\u00e7\u00e3o com os \u00faltimos tr\u00eas meses &#8211; ficou 2,9% menor e o de expectativas para os pr\u00f3ximos seis meses em rela\u00e7\u00e3o \u00e0 renda pessoal caiu 2,8% no per\u00edodo.<\/p>\n<p>Houve melhora na percep\u00e7\u00e3o do brasileiro em rela\u00e7\u00e3o ao endividamento frente aos \u00faltimos tr\u00eas meses, cujo indicador teve alta de 2,2% em mar\u00e7o. J\u00e1 o indicador de expectativas em rela\u00e7\u00e3o \u00e0 infla\u00e7\u00e3o, que cresceu 0,4%, e o de expectativas de compras de bem de maior valor, com aumento de 0,7% no per\u00edodo, ficaram praticamente est\u00e1veis.<\/p>\n<p>A pesquisa, feita em parceria com o Ibope (Instituto Brasileiro de Opini\u00e3o e Estat\u00edstica), ouviu 2.002 pessoas em 142 munic\u00edpios entre os dias 17 e 20 de mar\u00e7o.<\/p>\n<p>Da Ag\u00eancia Brasil<br \/>\nEdi\u00e7\u00e3o: Kleber Sampaio<br \/>\n04\/04\/2016<\/p>\n","protected":false},"excerpt":{"rendered":"<p>O \u00cdndice Nacional de Expectativa do Consumidor (Inec), que sintetiza o sentimento dos brasileiros com rela\u00e7\u00e3o \u00e0 situa\u00e7\u00e3o e \u00e0s expectativas econ\u00f4micas, apresentou queda de 1,1% na passagem de fevereiro para mar\u00e7o, informou a Confedera\u00e7\u00e3o Nacional da Ind\u00fastria (CNI), com base em pesquisa. Quanto menor o \u00edndice, mais pessimista \u00e9 a avalia\u00e7\u00e3o dos consumidores. Com [&hellip;]<\/p>\n","protected":false},"author":2,"featured_media":57582,"comment_status":"open","ping_status":"closed","sticky":false,"template":"","format":"standard","meta":{"_genesis_hide_title":false,"_genesis_hide_breadcrumbs":false,"_genesis_hide_singular_image":false,"_genesis_hide_footer_widgets":false,"_genesis_custom_body_class":"","_genesis_custom_post_class":"","_genesis_layout":"","_jetpack_memberships_contains_paid_content":false,"footnotes":""},"categories":[22,7],"tags":[],"class_list":{"0":"post-83644","1":"post","2":"type-post","3":"status-publish","4":"format-standard","5":"has-post-thumbnail","7":"category-brasil","8":"category-economia","9":"entry","10":"gs-1","11":"gs-odd","12":"gs-even","13":"gs-featured-content-entry"},"jetpack_featured_media_url":"https:\/\/www.redenoticia.com.br\/noticia\/imagens\/grafico1.jpg","jetpack_sharing_enabled":true,"jetpack_likes_enabled":true,"_links":{"self":[{"href":"https:\/\/www.redenoticia.com.br\/noticia\/wp-json\/wp\/v2\/posts\/83644","targetHints":{"allow":["GET"]}}],"collection":[{"href":"https:\/\/www.redenoticia.com.br\/noticia\/wp-json\/wp\/v2\/posts"}],"about":[{"href":"https:\/\/www.redenoticia.com.br\/noticia\/wp-json\/wp\/v2\/types\/post"}],"author":[{"embeddable":true,"href":"https:\/\/www.redenoticia.com.br\/noticia\/wp-json\/wp\/v2\/users\/2"}],"replies":[{"embeddable":true,"href":"https:\/\/www.redenoticia.com.br\/noticia\/wp-json\/wp\/v2\/comments?post=83644"}],"version-history":[{"count":0,"href":"https:\/\/www.redenoticia.com.br\/noticia\/wp-json\/wp\/v2\/posts\/83644\/revisions"}],"wp:featuredmedia":[{"embeddable":true,"href":"https:\/\/www.redenoticia.com.br\/noticia\/wp-json\/wp\/v2\/media\/57582"}],"wp:attachment":[{"href":"https:\/\/www.redenoticia.com.br\/noticia\/wp-json\/wp\/v2\/media?parent=83644"}],"wp:term":[{"taxonomy":"category","embeddable":true,"href":"https:\/\/www.redenoticia.com.br\/noticia\/wp-json\/wp\/v2\/categories?post=83644"},{"taxonomy":"post_tag","embeddable":true,"href":"https:\/\/www.redenoticia.com.br\/noticia\/wp-json\/wp\/v2\/tags?post=83644"}],"curies":[{"name":"wp","href":"https:\/\/api.w.org\/{rel}","templated":true}]}}