{"id":83642,"date":"2016-04-04T10:45:45","date_gmt":"2016-04-04T13:45:45","guid":{"rendered":"http:\/\/www.redenoticia.com.br\/noticia\/?p=83642"},"modified":"2016-04-03T16:46:42","modified_gmt":"2016-04-03T19:46:42","slug":"petrobras-lanca-programa-de-incentivo-a-demissao-voluntaria","status":"publish","type":"post","link":"https:\/\/www.redenoticia.com.br\/noticia\/2016\/petrobras-lanca-programa-de-incentivo-a-demissao-voluntaria\/83642","title":{"rendered":"Petrobras lan\u00e7a programa de incentivo \u00e0 demiss\u00e3o volunt\u00e1ria"},"content":{"rendered":"<p> A Petrobras informou que lan\u00e7ou um <strong><em>Programa de Incentivo ao Desligamento Volunt\u00e1rio<\/em><\/strong> (PIDV). A medida \u00e9 destinada aos empregados da empresa controladora (n\u00e3o vale para subsidi\u00e1rias), independentemente da idade e do tempo de empresa. O custo previsto \u00e9 de R$ 4,4 bilh\u00f5es, mas a empresa espera economizar R$ 33 bilh\u00f5es nos pr\u00f3ximos quatro anos.<\/p>\n<p>De acordo com a estatal, o objetivo \u00e9 reduzir o n\u00famero de empregados para adaptar a for\u00e7a de trabalho \u00e0s necessidades do Plano de Neg\u00f3cios e Gest\u00e3o. Hoje, a empresa controladora tem 57.046 empregados, dos quais 12 mil est\u00e3o em condi\u00e7\u00f5es de se aposentar.<\/p>\n<p>O per\u00edodo de inscri\u00e7\u00f5es vai de 11 de abril a 31 de agosto de 2016. A primeira edi\u00e7\u00e3o do programa foi lan\u00e7ada em janeiro de 2014 e j\u00e1 teve 6.254 desligamentos. Outros 1.055 empregados inscritos em 2014 t\u00eam previs\u00e3o de sa\u00edda at\u00e9 maio de 2017.<\/p>\n<p>Vitor Abdala \u2013 Rep\u00f3rter da Ag\u00eancia Brasil<br \/>\nEdi\u00e7\u00e3o: Talita Cavalcante<br \/>\n04\/04\/2016<\/p>\n","protected":false},"excerpt":{"rendered":"<p>A Petrobras informou que lan\u00e7ou um Programa de Incentivo ao Desligamento Volunt\u00e1rio (PIDV). A medida \u00e9 destinada aos empregados da empresa controladora (n\u00e3o vale para subsidi\u00e1rias), independentemente da idade e do tempo de empresa. O custo previsto \u00e9 de R$ 4,4 bilh\u00f5es, mas a empresa espera economizar R$ 33 bilh\u00f5es nos pr\u00f3ximos quatro anos. De [&hellip;]<\/p>\n","protected":false},"author":2,"featured_media":57585,"comment_status":"open","ping_status":"closed","sticky":false,"template":"","format":"standard","meta":{"_genesis_hide_title":false,"_genesis_hide_breadcrumbs":false,"_genesis_hide_singular_image":false,"_genesis_hide_footer_widgets":false,"_genesis_custom_body_class":"","_genesis_custom_post_class":"","_genesis_layout":"","_jetpack_memberships_contains_paid_content":false,"footnotes":""},"categories":[22,7],"tags":[],"class_list":{"0":"post-83642","1":"post","2":"type-post","3":"status-publish","4":"format-standard","5":"has-post-thumbnail","7":"category-brasil","8":"category-economia","9":"entry","10":"gs-1","11":"gs-odd","12":"gs-even","13":"gs-featured-content-entry"},"jetpack_featured_media_url":"https:\/\/www.redenoticia.com.br\/noticia\/imagens\/analise-economia.jpg","jetpack_sharing_enabled":true,"jetpack_likes_enabled":true,"_links":{"self":[{"href":"https:\/\/www.redenoticia.com.br\/noticia\/wp-json\/wp\/v2\/posts\/83642","targetHints":{"allow":["GET"]}}],"collection":[{"href":"https:\/\/www.redenoticia.com.br\/noticia\/wp-json\/wp\/v2\/posts"}],"about":[{"href":"https:\/\/www.redenoticia.com.br\/noticia\/wp-json\/wp\/v2\/types\/post"}],"author":[{"embeddable":true,"href":"https:\/\/www.redenoticia.com.br\/noticia\/wp-json\/wp\/v2\/users\/2"}],"replies":[{"embeddable":true,"href":"https:\/\/www.redenoticia.com.br\/noticia\/wp-json\/wp\/v2\/comments?post=83642"}],"version-history":[{"count":0,"href":"https:\/\/www.redenoticia.com.br\/noticia\/wp-json\/wp\/v2\/posts\/83642\/revisions"}],"wp:featuredmedia":[{"embeddable":true,"href":"https:\/\/www.redenoticia.com.br\/noticia\/wp-json\/wp\/v2\/media\/57585"}],"wp:attachment":[{"href":"https:\/\/www.redenoticia.com.br\/noticia\/wp-json\/wp\/v2\/media?parent=83642"}],"wp:term":[{"taxonomy":"category","embeddable":true,"href":"https:\/\/www.redenoticia.com.br\/noticia\/wp-json\/wp\/v2\/categories?post=83642"},{"taxonomy":"post_tag","embeddable":true,"href":"https:\/\/www.redenoticia.com.br\/noticia\/wp-json\/wp\/v2\/tags?post=83642"}],"curies":[{"name":"wp","href":"https:\/\/api.w.org\/{rel}","templated":true}]}}