{"id":83466,"date":"2016-04-01T10:55:18","date_gmt":"2016-04-01T13:55:18","guid":{"rendered":"http:\/\/www.redenoticia.com.br\/noticia\/?p=83466"},"modified":"2016-03-31T18:56:18","modified_gmt":"2016-03-31T21:56:18","slug":"emprego-na-industria-tem-13a-queda-consecutiva-em-fevereiro-diz-cni","status":"publish","type":"post","link":"https:\/\/www.redenoticia.com.br\/noticia\/2016\/emprego-na-industria-tem-13a-queda-consecutiva-em-fevereiro-diz-cni\/83466","title":{"rendered":"Emprego na ind\u00fastria tem 13\u00aa queda consecutiva em fevereiro, diz CNI"},"content":{"rendered":"<p> A fraca atividade continua reduzindo o <strong><em>emprego na ind\u00fastria<\/em><\/strong>, que caiu em fevereiro pelo 13\u00ba m\u00eas consecutivo, informou a Confedera\u00e7\u00e3o Nacional da Ind\u00fastria (CNI), na pesquisa Indicadores Industriais. No m\u00eas passado, o emprego diminuiu 0,4% em rela\u00e7\u00e3o a janeiro, na s\u00e9rie livre de influ\u00eancias sazonais, e est\u00e1 9,4% inferior ao indicador de fevereiro de 2015.<\/p>\n<p>O setor operou, em m\u00e9dia, com 77,6% da capacidade instalada, com alta de 0,5 ponto percentual na compara\u00e7\u00e3o com o m\u00eas anterior, na s\u00e9rie livre de influ\u00eancias sazonais. A utiliza\u00e7\u00e3o da capacidade instalada (UCI) ficou 1,9 ponto percentual abaixo da observada em fevereiro de 2015 e 4,9 pontos percentuais menor que a m\u00e9dia hist\u00f3rica.<\/p>\n<p>J\u00e1 o faturamento na ind\u00fastria cresceu pelo segundo m\u00eas consecutivo, com alta de 1,6% em fevereiro comparado ao de janeiro, na s\u00e9rie dessazonalizada. Em rela\u00e7\u00e3o a fevereiro do ano passado, o indicador \u00e9 9,9% menor.<\/p>\n<p>As horas trabalhadas apresentaram retra\u00e7\u00e3o de 1,2% no m\u00eas passado na compara\u00e7\u00e3o com janeiro e est\u00e1 8,9% abaixo do registrado em fevereiro de 2015. A massa salarial caiu 1,1% e o rendimento m\u00e9dio, 0,3% na compara\u00e7\u00e3o com janeiro. Em rela\u00e7\u00e3o a fevereiro de 2015, a massa salarial apresentou redu\u00e7\u00e3o de 11,5% e o rendimento, de 2,3%.<\/p>\n<p>Da Ag\u00eancia Brasil<br \/>\nEdi\u00e7\u00e3o: Juliana Andrade<br \/>\n01\/04\/2016<\/p>\n","protected":false},"excerpt":{"rendered":"<p>A fraca atividade continua reduzindo o emprego na ind\u00fastria, que caiu em fevereiro pelo 13\u00ba m\u00eas consecutivo, informou a Confedera\u00e7\u00e3o Nacional da Ind\u00fastria (CNI), na pesquisa Indicadores Industriais. No m\u00eas passado, o emprego diminuiu 0,4% em rela\u00e7\u00e3o a janeiro, na s\u00e9rie livre de influ\u00eancias sazonais, e est\u00e1 9,4% inferior ao indicador de fevereiro de 2015. [&hellip;]<\/p>\n","protected":false},"author":2,"featured_media":38938,"comment_status":"open","ping_status":"closed","sticky":false,"template":"","format":"standard","meta":{"_genesis_hide_title":false,"_genesis_hide_breadcrumbs":false,"_genesis_hide_singular_image":false,"_genesis_hide_footer_widgets":false,"_genesis_custom_body_class":"","_genesis_custom_post_class":"","_genesis_layout":"","_jetpack_memberships_contains_paid_content":false,"footnotes":""},"categories":[22,7],"tags":[],"class_list":{"0":"post-83466","1":"post","2":"type-post","3":"status-publish","4":"format-standard","5":"has-post-thumbnail","7":"category-brasil","8":"category-economia","9":"entry","10":"gs-1","11":"gs-odd","12":"gs-even","13":"gs-featured-content-entry"},"jetpack_featured_media_url":"https:\/\/www.redenoticia.com.br\/noticia\/imagens\/economia1.jpg","jetpack_sharing_enabled":true,"jetpack_likes_enabled":true,"_links":{"self":[{"href":"https:\/\/www.redenoticia.com.br\/noticia\/wp-json\/wp\/v2\/posts\/83466","targetHints":{"allow":["GET"]}}],"collection":[{"href":"https:\/\/www.redenoticia.com.br\/noticia\/wp-json\/wp\/v2\/posts"}],"about":[{"href":"https:\/\/www.redenoticia.com.br\/noticia\/wp-json\/wp\/v2\/types\/post"}],"author":[{"embeddable":true,"href":"https:\/\/www.redenoticia.com.br\/noticia\/wp-json\/wp\/v2\/users\/2"}],"replies":[{"embeddable":true,"href":"https:\/\/www.redenoticia.com.br\/noticia\/wp-json\/wp\/v2\/comments?post=83466"}],"version-history":[{"count":0,"href":"https:\/\/www.redenoticia.com.br\/noticia\/wp-json\/wp\/v2\/posts\/83466\/revisions"}],"wp:featuredmedia":[{"embeddable":true,"href":"https:\/\/www.redenoticia.com.br\/noticia\/wp-json\/wp\/v2\/media\/38938"}],"wp:attachment":[{"href":"https:\/\/www.redenoticia.com.br\/noticia\/wp-json\/wp\/v2\/media?parent=83466"}],"wp:term":[{"taxonomy":"category","embeddable":true,"href":"https:\/\/www.redenoticia.com.br\/noticia\/wp-json\/wp\/v2\/categories?post=83466"},{"taxonomy":"post_tag","embeddable":true,"href":"https:\/\/www.redenoticia.com.br\/noticia\/wp-json\/wp\/v2\/tags?post=83466"}],"curies":[{"name":"wp","href":"https:\/\/api.w.org\/{rel}","templated":true}]}}