{"id":83393,"date":"2016-03-31T10:08:13","date_gmt":"2016-03-31T13:08:13","guid":{"rendered":"http:\/\/www.redenoticia.com.br\/noticia\/?p=83393"},"modified":"2016-03-30T20:09:15","modified_gmt":"2016-03-30T23:09:15","slug":"governo-central-registra-segundo-maior-deficit-mensal-da-historia-em-fevereiro","status":"publish","type":"post","link":"https:\/\/www.redenoticia.com.br\/noticia\/2016\/governo-central-registra-segundo-maior-deficit-mensal-da-historia-em-fevereiro\/83393","title":{"rendered":"Governo Central registra segundo maior d\u00e9ficit mensal da hist\u00f3ria em fevereiro"},"content":{"rendered":"<p> A <strong><em>queda na arrecada\u00e7\u00e3o<\/em><\/strong> decorrente do agravamento da crise econ\u00f4mica levou o Governo Central (Tesouro Nacional, Previd\u00eancia Social e Banco Central) a registrar o segundo maior d\u00e9ficit prim\u00e1rio mensal da hist\u00f3ria. Em fevereiro, o Governo Central registrou resultado negativo de R$ 25,07 bilh\u00f5es.<\/p>\n<p>O d\u00e9ficit prim\u00e1rio \u00e9 o resultado das contas p\u00fablicas antes do pagamento dos juros da d\u00edvida p\u00fablica. O resultado de fevereiro s\u00f3 n\u00e3o \u00e9 pior que o de dezembro do ano passado, quando o d\u00e9ficit alcan\u00e7ou R$ 60,727 bilh\u00f5es. Naquela ocasi\u00e3o, no entanto, o resultado negativo havia sido inflado pelo pagamento de passivos da Uni\u00e3o com bancos p\u00fablicos e fundos oficiais por determina\u00e7\u00e3o do Tribunal de Contas da Uni\u00e3o (TCU).<\/p>\n<p>Com o resultado de fevereiro, o Governo Central passou a acumular d\u00e9ficit prim\u00e1rio de R$ 10,274 bilh\u00f5es nos dois primeiros meses do ano. O desempenho negativo anulou o super\u00e1vit prim\u00e1rio de R$ 14,835 bilh\u00f5es obtido em janeiro.<\/p>\n<p>Segundo o Tesouro Nacional, o principal respons\u00e1vel pelo d\u00e9ficit no m\u00eas passado foi a redu\u00e7\u00e3o nas receitas l\u00edquidas, que ca\u00edram 13% em fevereiro em rela\u00e7\u00e3o ao mesmo m\u00eas do ano passado. Em contrapartida, as despesas aumentaram 8% acima da infla\u00e7\u00e3o, pressionadas por gastos obrigat\u00f3rios.<\/p>\n<p>Os destaques foram os aumentos de 136,3% do pagamento do abono salarial e do seguro-desemprego, decorrente da mudan\u00e7a no calend\u00e1rio que adiou desembolsos que deveriam ter ocorrido no ano passado para este ano.<\/p>\n<p>No acumulado do ano, as despesas do Governo Central subiram 5,7% a mais que a infla\u00e7\u00e3o oficial pelo \u00cdndice Nacional de Pre\u00e7os ao Consumidor Amplo (IPCA) em rela\u00e7\u00e3o ao primeiro bimestre de 2015. Os gastos com abono e seguro-desemprego aumentaram 64,3% acima da infla\u00e7\u00e3o nessa compara\u00e7\u00e3o. As despesas com a Previd\u00eancia Social subiram 3,7%, mas os gastos com pessoal ca\u00edram 2,6% abaixo do IPCA.<\/p>\n<p>As despesas de custeio \u2013 gastos com a manuten\u00e7\u00e3o da m\u00e1quina p\u00fablica \u2013 acumulam queda real (considerando o IPCA) de 6,6% nos dois primeiros meses do ano. A queda decorre do contingenciamento \u2013 bloqueio de verbas \u2013 no Or\u00e7amento deste ano. Os investimentos somam R$ 9,583 bilh\u00f5es, retra\u00e7\u00e3o de 22,7% considerando a infla\u00e7\u00e3o. As despesas do Programa de Acelera\u00e7\u00e3o do Crescimento (PAC) somam R$ 6,962 bilh\u00f5es, com recuo real de 15,8% em rela\u00e7\u00e3o a janeiro e fevereiro do ano passado.<\/p>\n<p>O Or\u00e7amento Geral da Uni\u00e3o para este ano estabelece meta de super\u00e1vit prim\u00e1rio de R$ 24 bilh\u00f5es para o Governo Central em 2016. Por causa das dificuldades em cumprir a meta fiscal, o governo enviou ontem (28) ao Congresso projeto para alterar a Lei de Diretrizes Or\u00e7ament\u00e1rias e permitir que a Uni\u00e3o encerre o ano com d\u00e9ficit de R$ 96,7 bilh\u00f5es.<\/p>\n<p>O resultado negativo poder\u00e1 chegar a R$ 102,7 bilh\u00f5es, dependendo do impacto da renegocia\u00e7\u00e3o da d\u00edvida dos estados com a Uni\u00e3o.<\/p>\n<p>Wellton M\u00e1ximo \u2013 Rep\u00f3rter da Ag\u00eancia Brasil<br \/>\nEdi\u00e7\u00e3o: Armando Cardoso<br \/>\n31\/03\/2016<\/p>\n","protected":false},"excerpt":{"rendered":"<p>A queda na arrecada\u00e7\u00e3o decorrente do agravamento da crise econ\u00f4mica levou o Governo Central (Tesouro Nacional, Previd\u00eancia Social e Banco Central) a registrar o segundo maior d\u00e9ficit prim\u00e1rio mensal da hist\u00f3ria. Em fevereiro, o Governo Central registrou resultado negativo de R$ 25,07 bilh\u00f5es. O d\u00e9ficit prim\u00e1rio \u00e9 o resultado das contas p\u00fablicas antes do pagamento [&hellip;]<\/p>\n","protected":false},"author":2,"featured_media":57582,"comment_status":"open","ping_status":"closed","sticky":false,"template":"","format":"standard","meta":{"_genesis_hide_title":false,"_genesis_hide_breadcrumbs":false,"_genesis_hide_singular_image":false,"_genesis_hide_footer_widgets":false,"_genesis_custom_body_class":"","_genesis_custom_post_class":"","_genesis_layout":"","_jetpack_memberships_contains_paid_content":false,"footnotes":""},"categories":[22,7],"tags":[],"class_list":{"0":"post-83393","1":"post","2":"type-post","3":"status-publish","4":"format-standard","5":"has-post-thumbnail","7":"category-brasil","8":"category-economia","9":"entry","10":"gs-1","11":"gs-odd","12":"gs-even","13":"gs-featured-content-entry"},"jetpack_featured_media_url":"https:\/\/www.redenoticia.com.br\/noticia\/imagens\/grafico1.jpg","jetpack_sharing_enabled":true,"jetpack_likes_enabled":true,"_links":{"self":[{"href":"https:\/\/www.redenoticia.com.br\/noticia\/wp-json\/wp\/v2\/posts\/83393","targetHints":{"allow":["GET"]}}],"collection":[{"href":"https:\/\/www.redenoticia.com.br\/noticia\/wp-json\/wp\/v2\/posts"}],"about":[{"href":"https:\/\/www.redenoticia.com.br\/noticia\/wp-json\/wp\/v2\/types\/post"}],"author":[{"embeddable":true,"href":"https:\/\/www.redenoticia.com.br\/noticia\/wp-json\/wp\/v2\/users\/2"}],"replies":[{"embeddable":true,"href":"https:\/\/www.redenoticia.com.br\/noticia\/wp-json\/wp\/v2\/comments?post=83393"}],"version-history":[{"count":0,"href":"https:\/\/www.redenoticia.com.br\/noticia\/wp-json\/wp\/v2\/posts\/83393\/revisions"}],"wp:featuredmedia":[{"embeddable":true,"href":"https:\/\/www.redenoticia.com.br\/noticia\/wp-json\/wp\/v2\/media\/57582"}],"wp:attachment":[{"href":"https:\/\/www.redenoticia.com.br\/noticia\/wp-json\/wp\/v2\/media?parent=83393"}],"wp:term":[{"taxonomy":"category","embeddable":true,"href":"https:\/\/www.redenoticia.com.br\/noticia\/wp-json\/wp\/v2\/categories?post=83393"},{"taxonomy":"post_tag","embeddable":true,"href":"https:\/\/www.redenoticia.com.br\/noticia\/wp-json\/wp\/v2\/tags?post=83393"}],"curies":[{"name":"wp","href":"https:\/\/api.w.org\/{rel}","templated":true}]}}