{"id":83312,"date":"2016-03-30T10:13:14","date_gmt":"2016-03-30T13:13:14","guid":{"rendered":"http:\/\/www.redenoticia.com.br\/noticia\/?p=83312"},"modified":"2016-03-29T16:13:54","modified_gmt":"2016-03-29T19:13:54","slug":"juro-do-cheque-especial-atinge-2939-ao-ano-e-o-dos-cartoes-4475","status":"publish","type":"post","link":"https:\/\/www.redenoticia.com.br\/noticia\/2016\/juro-do-cheque-especial-atinge-2939-ao-ano-e-o-dos-cartoes-4475\/83312","title":{"rendered":"Juro do cheque especial atinge 293,9% ao ano e o dos cart\u00f5es, 447,5%"},"content":{"rendered":"<p>A taxa do cheque especial chegou a 293,9 % ao ano, alta de 1,6 ponto percentual a rela\u00e7\u00e3o a janeiro, informou o Banco Central (BC). Os <strong><em>juros<\/em><\/strong> do cheque especial voltaram ao patamar recorde do in\u00edcio da s\u00e9rie hist\u00f3rica, iniciada em julho de 1994 (293,9%).<\/p>\n<p>A taxa do rotativo do cart\u00e3o de cr\u00e9dito tamb\u00e9m subiu em fevereiro. O rotativo \u00e9 o cr\u00e9dito tomado pelo consumidor quando paga menos que o valor integral da fatura do cart\u00e3o. Essa \u00e9 a modalidade com taxa de juros mais alta na pesquisa do BC. Em fevereiro, a taxa chegou a 447,5% ao ano, com alta de 8 pontos percentuais em rela\u00e7\u00e3o a janeiro. Essa taxa do rotativo do cart\u00e3o de cr\u00e9dito \u00e9 a mais alta da s\u00e9rie hist\u00f3rica, iniciada em 2011.<\/p>\n<p>A taxa m\u00e9dia das compras parceladas com juros, do parcelamento da fatura do cart\u00e3o de cr\u00e9dito e dos saques parcelados, subiu 1,1 ponto percentual para 145,6% ao ano.<\/p>\n<p>A taxa do cr\u00e9dito consignado (com desconto em folha de pagamento) subiu 0,2 ponto percentual para 29,5% ao ano. A taxa do cr\u00e9dito pessoal (sem opera\u00e7\u00f5es consignadas) aumentou 4,3 pontos percentuais para 122,8% ao ano.<\/p>\n<p>Fam\u00edlias<\/p>\n<p>A taxa m\u00e9dia de juros cobrada das fam\u00edlias subiu 1,6 pontos percentuais para 68% ao ano. A inadimpl\u00eancia do cr\u00e9dito, considerados atrasos acima de 90 dias, para pessoas f\u00edsicas, ficou est\u00e1vel em fevereiro &#8211; comparada a janeiro &#8211; em 6,2%.<\/p>\n<p>No caso das empresas, a taxa de inadimpl\u00eancia tamb\u00e9m n\u00e3o foi alterada, permanecendo em 4,7% em fevereiro. A taxa m\u00e9dia de juros cobrada das pessoas jur\u00eddicas subiu 0,2 ponto percentual para 31,9% ao ano.<\/p>\n<p>Esses dados s\u00e3o do cr\u00e9dito livre em que os bancos t\u00eam autonomia para aplicar o dinheiro captado no mercado e definir as taxas de juros.<\/p>\n<p>No caso do cr\u00e9dito direcionado (empr\u00e9stimos com regras definidas pelo governo, destinados, basicamente, aos setores habitacional, rural e de infraestrutura) a taxa de juros para as pessoas f\u00edsicas recuou 0,2 ponto percentual para 9,7% ao ano. A taxa cobrada das empresas caiu 0,5 ponto percentual para 11,8% ao ano. A inadimpl\u00eancia das fam\u00edlias ficou em 2,2%, alta de 0,1 ponto percentual, e das empresas subiu 0,1 ponto percentual para 1%.<\/p>\n<p>O saldo de todas as opera\u00e7\u00f5es de cr\u00e9dito concedido pelos bancos voltou a cair em fevereiro, quando chegou a R$ 3,184 trilh\u00f5es, com redu\u00e7\u00e3o de 0,5%, em rela\u00e7\u00e3o a janeiro. Esse valor correspondeu a 53,6% de tudo o que o pa\u00eds produz \u2013 Produto Interno Bruto (PIB), com uma redu\u00e7\u00e3o de 0,4 ponto percentual em rela\u00e7\u00e3o a janeiro.<\/p>\n<p>Kelly Oliveira &#8211; Rep\u00f3rter da Ag\u00eancia Brasil<br \/>\nEdi\u00e7\u00e3o: Kleber Sampaio<br \/>\n30\/03\/2016 <\/p>\n","protected":false},"excerpt":{"rendered":"<p>A taxa do cheque especial chegou a 293,9 % ao ano, alta de 1,6 ponto percentual a rela\u00e7\u00e3o a janeiro, informou o Banco Central (BC). Os juros do cheque especial voltaram ao patamar recorde do in\u00edcio da s\u00e9rie hist\u00f3rica, iniciada em julho de 1994 (293,9%). A taxa do rotativo do cart\u00e3o de cr\u00e9dito tamb\u00e9m subiu [&hellip;]<\/p>\n","protected":false},"author":2,"featured_media":35203,"comment_status":"open","ping_status":"closed","sticky":false,"template":"","format":"standard","meta":{"_genesis_hide_title":false,"_genesis_hide_breadcrumbs":false,"_genesis_hide_singular_image":false,"_genesis_hide_footer_widgets":false,"_genesis_custom_body_class":"","_genesis_custom_post_class":"","_genesis_layout":"","_jetpack_memberships_contains_paid_content":false,"footnotes":""},"categories":[22,7],"tags":[],"class_list":{"0":"post-83312","1":"post","2":"type-post","3":"status-publish","4":"format-standard","5":"has-post-thumbnail","7":"category-brasil","8":"category-economia","9":"entry","10":"gs-1","11":"gs-odd","12":"gs-even","13":"gs-featured-content-entry"},"jetpack_featured_media_url":"https:\/\/www.redenoticia.com.br\/noticia\/imagens\/cartao-credito.jpg","jetpack_sharing_enabled":true,"jetpack_likes_enabled":true,"_links":{"self":[{"href":"https:\/\/www.redenoticia.com.br\/noticia\/wp-json\/wp\/v2\/posts\/83312","targetHints":{"allow":["GET"]}}],"collection":[{"href":"https:\/\/www.redenoticia.com.br\/noticia\/wp-json\/wp\/v2\/posts"}],"about":[{"href":"https:\/\/www.redenoticia.com.br\/noticia\/wp-json\/wp\/v2\/types\/post"}],"author":[{"embeddable":true,"href":"https:\/\/www.redenoticia.com.br\/noticia\/wp-json\/wp\/v2\/users\/2"}],"replies":[{"embeddable":true,"href":"https:\/\/www.redenoticia.com.br\/noticia\/wp-json\/wp\/v2\/comments?post=83312"}],"version-history":[{"count":0,"href":"https:\/\/www.redenoticia.com.br\/noticia\/wp-json\/wp\/v2\/posts\/83312\/revisions"}],"wp:featuredmedia":[{"embeddable":true,"href":"https:\/\/www.redenoticia.com.br\/noticia\/wp-json\/wp\/v2\/media\/35203"}],"wp:attachment":[{"href":"https:\/\/www.redenoticia.com.br\/noticia\/wp-json\/wp\/v2\/media?parent=83312"}],"wp:term":[{"taxonomy":"category","embeddable":true,"href":"https:\/\/www.redenoticia.com.br\/noticia\/wp-json\/wp\/v2\/categories?post=83312"},{"taxonomy":"post_tag","embeddable":true,"href":"https:\/\/www.redenoticia.com.br\/noticia\/wp-json\/wp\/v2\/tags?post=83312"}],"curies":[{"name":"wp","href":"https:\/\/api.w.org\/{rel}","templated":true}]}}