{"id":83310,"date":"2016-03-30T10:11:50","date_gmt":"2016-03-30T13:11:50","guid":{"rendered":"http:\/\/www.redenoticia.com.br\/noticia\/?p=83310"},"modified":"2016-03-29T16:11:53","modified_gmt":"2016-03-29T19:11:53","slug":"vendas-em-supermercados-caem-161-de-janeiro-para-fevereiro","status":"publish","type":"post","link":"https:\/\/www.redenoticia.com.br\/noticia\/2016\/vendas-em-supermercados-caem-161-de-janeiro-para-fevereiro\/83310","title":{"rendered":"Vendas em supermercados caem 1,61% de janeiro para fevereiro"},"content":{"rendered":"<p> As <strong><em>vendas do setor supermercadista<\/em><\/strong> tiveram queda de 1,61% em fevereiro na compara\u00e7\u00e3o com janeiro deste ano e alta de 2,92% em rela\u00e7\u00e3o a fevereiro de 2015, de acordo com o \u00cdndice Nacional de Vendas da Associa\u00e7\u00e3o Brasileira de Supermercados (Abras).<\/p>\n<p>No acumulado dos dois primeiros meses deste ano, as vendas ca\u00edram 0,36%, na compara\u00e7\u00e3o com o mesmo per\u00edodo do ano passado.<\/p>\n<p>Em valores nominais, as vendas tiveram queda de 0,73% em fevereiro, comparadas \u00e0s de janeiro, e alta de 13,64% com rela\u00e7\u00e3o a fevereiro de 2015. No acumulado do ano, houve crescimento de 10,22%.<\/p>\n<p>\u201cJaneiro veio com um n\u00famero negativo forte, mas fevereiro j\u00e1 apresenta um n\u00famero melhor com rela\u00e7\u00e3o ao ano passado. Mostra certa recupera\u00e7\u00e3o porque, apesar de muitos indicadores ruins, nosso varejo tem apresentado um n\u00famero melhor do que vinha tendo. Sempre levando em considera\u00e7\u00e3o que em fevereiro tivemos carnaval e o ano bissexto, com um dia a mais no m\u00eas\u201d, disse o presidente do Conselho Consultivo da Abras, Sussumu Honda.<\/p>\n<p>A cesta de produtos Abrasmercado \u2013 que analisa 35 produtos de largo consumo \u2013 teve alta de 0,88%, passando de R$ 452,22 em janeiro para R$ 456,22 em fevereiro. Entre os produtos com as maiores altas est\u00e3o: ovo (9,46%), a farinha de mandioca (7,31%), arroz (6,69%) e feij\u00e3o (4,87%). As maiores quedas ficaram com tomate (-14,39%) e pernil (-4,73%).<\/p>\n<p>\u201cHouve influ\u00eancias pontuais em alguns produtos. Em janeiro e fevereiro, choveu muito em algumas regi\u00f5es. O pre\u00e7o do arroz aumentou porque choveu no Rio Grande do Sul no momento da colheita e isso diminuiu a oferta\u201d, disse o diretor de Relacionamento da GK, empresa que faz a pesquisa, Marco Aur\u00e9lio.<\/p>\n<p>A maior alta de pre\u00e7os foi registrada na Regi\u00e3o Norte (4,18%). No Sul, o aumento foi de 0,39%, seguido do Nordeste, com 0,28%, e do Sudeste, com 0,11%. No Centro-Oeste, houve queda de 0,93%.<\/p>\n<p>Fl\u00e1via Albuquerque &#8211; Rep\u00f3rter da Ag\u00eancia Brasil<br \/>\nEdi\u00e7\u00e3o: Juliana Andrade<br \/>\n30\/03\/2016<\/p>\n","protected":false},"excerpt":{"rendered":"<p>As vendas do setor supermercadista tiveram queda de 1,61% em fevereiro na compara\u00e7\u00e3o com janeiro deste ano e alta de 2,92% em rela\u00e7\u00e3o a fevereiro de 2015, de acordo com o \u00cdndice Nacional de Vendas da Associa\u00e7\u00e3o Brasileira de Supermercados (Abras). No acumulado dos dois primeiros meses deste ano, as vendas ca\u00edram 0,36%, na compara\u00e7\u00e3o [&hellip;]<\/p>\n","protected":false},"author":2,"featured_media":38938,"comment_status":"open","ping_status":"closed","sticky":false,"template":"","format":"standard","meta":{"_genesis_hide_title":false,"_genesis_hide_breadcrumbs":false,"_genesis_hide_singular_image":false,"_genesis_hide_footer_widgets":false,"_genesis_custom_body_class":"","_genesis_custom_post_class":"","_genesis_layout":"","_jetpack_memberships_contains_paid_content":false,"footnotes":""},"categories":[22,7],"tags":[],"class_list":{"0":"post-83310","1":"post","2":"type-post","3":"status-publish","4":"format-standard","5":"has-post-thumbnail","7":"category-brasil","8":"category-economia","9":"entry","10":"gs-1","11":"gs-odd","12":"gs-even","13":"gs-featured-content-entry"},"jetpack_featured_media_url":"https:\/\/www.redenoticia.com.br\/noticia\/imagens\/economia1.jpg","jetpack_sharing_enabled":true,"jetpack_likes_enabled":true,"_links":{"self":[{"href":"https:\/\/www.redenoticia.com.br\/noticia\/wp-json\/wp\/v2\/posts\/83310","targetHints":{"allow":["GET"]}}],"collection":[{"href":"https:\/\/www.redenoticia.com.br\/noticia\/wp-json\/wp\/v2\/posts"}],"about":[{"href":"https:\/\/www.redenoticia.com.br\/noticia\/wp-json\/wp\/v2\/types\/post"}],"author":[{"embeddable":true,"href":"https:\/\/www.redenoticia.com.br\/noticia\/wp-json\/wp\/v2\/users\/2"}],"replies":[{"embeddable":true,"href":"https:\/\/www.redenoticia.com.br\/noticia\/wp-json\/wp\/v2\/comments?post=83310"}],"version-history":[{"count":0,"href":"https:\/\/www.redenoticia.com.br\/noticia\/wp-json\/wp\/v2\/posts\/83310\/revisions"}],"wp:featuredmedia":[{"embeddable":true,"href":"https:\/\/www.redenoticia.com.br\/noticia\/wp-json\/wp\/v2\/media\/38938"}],"wp:attachment":[{"href":"https:\/\/www.redenoticia.com.br\/noticia\/wp-json\/wp\/v2\/media?parent=83310"}],"wp:term":[{"taxonomy":"category","embeddable":true,"href":"https:\/\/www.redenoticia.com.br\/noticia\/wp-json\/wp\/v2\/categories?post=83310"},{"taxonomy":"post_tag","embeddable":true,"href":"https:\/\/www.redenoticia.com.br\/noticia\/wp-json\/wp\/v2\/tags?post=83310"}],"curies":[{"name":"wp","href":"https:\/\/api.w.org\/{rel}","templated":true}]}}