{"id":83307,"date":"2016-03-30T10:08:49","date_gmt":"2016-03-30T13:08:49","guid":{"rendered":"http:\/\/www.redenoticia.com.br\/noticia\/?p=83307"},"modified":"2016-03-29T16:10:43","modified_gmt":"2016-03-29T19:10:43","slug":"restituicao-do-imposto-de-renda-tera-sete-lotes-de-junho-a-dezembro","status":"publish","type":"post","link":"https:\/\/www.redenoticia.com.br\/noticia\/2016\/restituicao-do-imposto-de-renda-tera-sete-lotes-de-junho-a-dezembro\/83307","title":{"rendered":"Restitui\u00e7\u00e3o do Imposto de Renda ter\u00e1 sete lotes, de junho a dezembro"},"content":{"rendered":"<p> A <strong><em>restitui\u00e7\u00e3o<\/em><\/strong> do Imposto sobre a Renda da Pessoa F\u00edsica, referente ao exerc\u00edcio de 2016, ano-calend\u00e1rio de 2015, ser\u00e1 efetuada em sete lotes, no per\u00edodo de junho a dezembro de 2016. A informa\u00e7\u00e3o foi publicada no Di\u00e1rio Oficial da Uni\u00e3o.<\/p>\n<p>Segundo a Receita Federal, as restitui\u00e7\u00f5es ser\u00e3o priorizadas pela ordem de entrega da declara\u00e7\u00e3o. O valor a restituir ser\u00e1 colocado \u00e0 disposi\u00e7\u00e3o do contribuinte na ag\u00eancia banc\u00e1ria indicada na declara\u00e7\u00e3o. O primeiro lote ser\u00e1 liberado no dia 15 de junho. Nos meses seguintes at\u00e9 setembro, o dia da libera\u00e7\u00e3o tamb\u00e9m \u00e9 15. Em outubro, ser\u00e1 no dia 17, em novembro, 16 e em dezembro, dia 15.<\/p>\n<p>Neste ano, os contribuintes podem entregar as informa\u00e7\u00f5es at\u00e9 o dia 29 de abril e a expectativa da Receita \u00e9 receber 28,5 milh\u00f5es de declara\u00e7\u00f5es, 2,1% a mais do que as 27,9 milh\u00f5es entregues em 2015.<\/p>\n<p>Da Ag\u00eancia Brasil<br \/>\nEdi\u00e7\u00e3o: Kleber Sampaio<br \/>\n30\/03\/2016<br \/>\n&#8212;<br \/>\nA Empresa Brasil de Comunica\u00e7\u00e3o \u00e9 uma institui\u00e7\u00e3o da democracia brasileira: p\u00fablica, inclusiva e cidad\u00e3.  Criada em 2007 para fortalecer o sistema p\u00fablico de comunica\u00e7\u00e3o, \u00e9 gestora dos canais TV Brasil, TV Brasil Internacional, Ag\u00eancia Brasil, Radioag\u00eancia Nacional e do sistema p\u00fablico de R\u00e1dio \u2013 composto por oito emissoras. Estes, por sua independ\u00eancia editorial, distinguem-se dos canais estatais ou governamentais, com conte\u00fados diferenciados e complementares aos canais privados. Os ve\u00edculos da EBC t\u00eam autonomia para definir produ\u00e7\u00e3o, programa\u00e7\u00e3o e distribui\u00e7\u00e3o de conte\u00fados.<\/p>\n","protected":false},"excerpt":{"rendered":"<p>A restitui\u00e7\u00e3o do Imposto sobre a Renda da Pessoa F\u00edsica, referente ao exerc\u00edcio de 2016, ano-calend\u00e1rio de 2015, ser\u00e1 efetuada em sete lotes, no per\u00edodo de junho a dezembro de 2016. A informa\u00e7\u00e3o foi publicada no Di\u00e1rio Oficial da Uni\u00e3o. Segundo a Receita Federal, as restitui\u00e7\u00f5es ser\u00e3o priorizadas pela ordem de entrega da declara\u00e7\u00e3o. O [&hellip;]<\/p>\n","protected":false},"author":2,"featured_media":23889,"comment_status":"open","ping_status":"closed","sticky":false,"template":"","format":"standard","meta":{"_genesis_hide_title":false,"_genesis_hide_breadcrumbs":false,"_genesis_hide_singular_image":false,"_genesis_hide_footer_widgets":false,"_genesis_custom_body_class":"","_genesis_custom_post_class":"","_genesis_layout":"","_jetpack_memberships_contains_paid_content":false,"footnotes":""},"categories":[22,7],"tags":[],"class_list":{"0":"post-83307","1":"post","2":"type-post","3":"status-publish","4":"format-standard","5":"has-post-thumbnail","7":"category-brasil","8":"category-economia","9":"entry","10":"gs-1","11":"gs-odd","12":"gs-even","13":"gs-featured-content-entry"},"jetpack_featured_media_url":"https:\/\/www.redenoticia.com.br\/noticia\/imagens\/receita-federal-irpf-2010.jpg","jetpack_sharing_enabled":true,"jetpack_likes_enabled":true,"_links":{"self":[{"href":"https:\/\/www.redenoticia.com.br\/noticia\/wp-json\/wp\/v2\/posts\/83307","targetHints":{"allow":["GET"]}}],"collection":[{"href":"https:\/\/www.redenoticia.com.br\/noticia\/wp-json\/wp\/v2\/posts"}],"about":[{"href":"https:\/\/www.redenoticia.com.br\/noticia\/wp-json\/wp\/v2\/types\/post"}],"author":[{"embeddable":true,"href":"https:\/\/www.redenoticia.com.br\/noticia\/wp-json\/wp\/v2\/users\/2"}],"replies":[{"embeddable":true,"href":"https:\/\/www.redenoticia.com.br\/noticia\/wp-json\/wp\/v2\/comments?post=83307"}],"version-history":[{"count":0,"href":"https:\/\/www.redenoticia.com.br\/noticia\/wp-json\/wp\/v2\/posts\/83307\/revisions"}],"wp:featuredmedia":[{"embeddable":true,"href":"https:\/\/www.redenoticia.com.br\/noticia\/wp-json\/wp\/v2\/media\/23889"}],"wp:attachment":[{"href":"https:\/\/www.redenoticia.com.br\/noticia\/wp-json\/wp\/v2\/media?parent=83307"}],"wp:term":[{"taxonomy":"category","embeddable":true,"href":"https:\/\/www.redenoticia.com.br\/noticia\/wp-json\/wp\/v2\/categories?post=83307"},{"taxonomy":"post_tag","embeddable":true,"href":"https:\/\/www.redenoticia.com.br\/noticia\/wp-json\/wp\/v2\/tags?post=83307"}],"curies":[{"name":"wp","href":"https:\/\/api.w.org\/{rel}","templated":true}]}}