{"id":83301,"date":"2016-03-30T10:06:55","date_gmt":"2016-03-30T13:06:55","guid":{"rendered":"http:\/\/www.redenoticia.com.br\/noticia\/?p=83301"},"modified":"2016-03-29T16:07:23","modified_gmt":"2016-03-29T19:07:23","slug":"indice-de-confianca-do-consumidor-cai-para-671-pontos","status":"publish","type":"post","link":"https:\/\/www.redenoticia.com.br\/noticia\/2016\/indice-de-confianca-do-consumidor-cai-para-671-pontos\/83301","title":{"rendered":"\u00cdndice de Confian\u00e7a do Consumidor cai para 67,1\u00a0pontos"},"content":{"rendered":"<p> O <strong><em>\u00cdndice de Confian\u00e7a do Consumidor<\/em><\/strong> (ICC) voltou a cair (1,4 ponto) em mar\u00e7o deste ano, depois de duas altas consecutivas. O indicador, medido pela Funda\u00e7\u00e3o Getulio Vargas (FGV), atingiu 67,1 pontos, em uma escala de zero a 200 pontos. Antes, ele estava em 68,5 pontos.<\/p>\n<p>A queda foi influenciada principalmente pela piora da percep\u00e7\u00e3o dos consumidores em rela\u00e7\u00e3o ao momento atual. O \u00cdndice da Situa\u00e7\u00e3o Atual, que avalia as opini\u00f5es sobre o momento presente, caiu 2,8 pontos, atingindo o m\u00ednimo hist\u00f3rico de 66,3 pontos.<\/p>\n<p>O grau da satisfa\u00e7\u00e3o com a situa\u00e7\u00e3o financeira atual da fam\u00edlia foi o componente que mais contribuiu para a queda do ICC, ao recuar 4,7 pontos, atingindo 61 pontos, tamb\u00e9m um patamar m\u00ednimo hist\u00f3rico.<\/p>\n<p>O \u00cdndice de Expectativas, que mede o otimismo em rela\u00e7\u00e3o aos pr\u00f3ximos meses, recuou 0,4 ponto e atingiu 69 pontos. O componente da situa\u00e7\u00e3o financeira das fam\u00edlias para os pr\u00f3ximos meses foi o que mais recuou, dentro desse sub\u00edndice: 1,2 ponto.<\/p>\n<p>Vitor Abdala &#8211; Rep\u00f3rter da Ag\u00eancia Brasil<br \/>\nEdi\u00e7\u00e3o: Kleber Sampaio<br \/>\n30\/03\/2016<\/p>\n","protected":false},"excerpt":{"rendered":"<p>O \u00cdndice de Confian\u00e7a do Consumidor (ICC) voltou a cair (1,4 ponto) em mar\u00e7o deste ano, depois de duas altas consecutivas. O indicador, medido pela Funda\u00e7\u00e3o Getulio Vargas (FGV), atingiu 67,1 pontos, em uma escala de zero a 200 pontos. Antes, ele estava em 68,5 pontos. A queda foi influenciada principalmente pela piora da percep\u00e7\u00e3o [&hellip;]<\/p>\n","protected":false},"author":2,"featured_media":57585,"comment_status":"open","ping_status":"closed","sticky":false,"template":"","format":"standard","meta":{"_genesis_hide_title":false,"_genesis_hide_breadcrumbs":false,"_genesis_hide_singular_image":false,"_genesis_hide_footer_widgets":false,"_genesis_custom_body_class":"","_genesis_custom_post_class":"","_genesis_layout":"","_jetpack_memberships_contains_paid_content":false,"footnotes":""},"categories":[22,7],"tags":[],"class_list":{"0":"post-83301","1":"post","2":"type-post","3":"status-publish","4":"format-standard","5":"has-post-thumbnail","7":"category-brasil","8":"category-economia","9":"entry","10":"gs-1","11":"gs-odd","12":"gs-even","13":"gs-featured-content-entry"},"jetpack_featured_media_url":"https:\/\/www.redenoticia.com.br\/noticia\/imagens\/analise-economia.jpg","jetpack_sharing_enabled":true,"jetpack_likes_enabled":true,"_links":{"self":[{"href":"https:\/\/www.redenoticia.com.br\/noticia\/wp-json\/wp\/v2\/posts\/83301","targetHints":{"allow":["GET"]}}],"collection":[{"href":"https:\/\/www.redenoticia.com.br\/noticia\/wp-json\/wp\/v2\/posts"}],"about":[{"href":"https:\/\/www.redenoticia.com.br\/noticia\/wp-json\/wp\/v2\/types\/post"}],"author":[{"embeddable":true,"href":"https:\/\/www.redenoticia.com.br\/noticia\/wp-json\/wp\/v2\/users\/2"}],"replies":[{"embeddable":true,"href":"https:\/\/www.redenoticia.com.br\/noticia\/wp-json\/wp\/v2\/comments?post=83301"}],"version-history":[{"count":0,"href":"https:\/\/www.redenoticia.com.br\/noticia\/wp-json\/wp\/v2\/posts\/83301\/revisions"}],"wp:featuredmedia":[{"embeddable":true,"href":"https:\/\/www.redenoticia.com.br\/noticia\/wp-json\/wp\/v2\/media\/57585"}],"wp:attachment":[{"href":"https:\/\/www.redenoticia.com.br\/noticia\/wp-json\/wp\/v2\/media?parent=83301"}],"wp:term":[{"taxonomy":"category","embeddable":true,"href":"https:\/\/www.redenoticia.com.br\/noticia\/wp-json\/wp\/v2\/categories?post=83301"},{"taxonomy":"post_tag","embeddable":true,"href":"https:\/\/www.redenoticia.com.br\/noticia\/wp-json\/wp\/v2\/tags?post=83301"}],"curies":[{"name":"wp","href":"https:\/\/api.w.org\/{rel}","templated":true}]}}